{"id":1090,"date":"2014-10-07T09:56:46","date_gmt":"2014-10-07T08:56:46","guid":{"rendered":"http:\/\/www.devicemanuals.eu\/de\/?p=1090"},"modified":"2014-10-07T09:56:46","modified_gmt":"2014-10-07T08:56:46","slug":"bosch-wty887w3-warmepumpen-waschetrockner","status":"publish","type":"post","link":"https:\/\/www.devicemanuals.eu\/de\/bosch-wty887w3-warmepumpen-waschetrockner\/1090\/","title":{"rendered":"Bosch WTY887W3 W\u00e4rmepumpen-W\u00e4schetrockner"},"content":{"rendered":"<h2 class=\"pageTitle submargin-0\"><b>HomeProfessional<\/b> WTY887W3<\/h2>\n<figure id=\"attachment_1091\" aria-describedby=\"caption-attachment-1091\" style=\"width: 300px\" class=\"wp-caption alignnone\"><a href=\"http:\/\/www.devicemanuals.eu\/de\/wp-content\/uploads\/2014\/10\/WTY887W3.jpg\"><img loading=\"lazy\" decoding=\"async\" class=\"size-medium wp-image-1091\" src=\"http:\/\/www.devicemanuals.eu\/de\/wp-content\/uploads\/2014\/10\/WTY887W3-300x229.jpg\" alt=\"Bosch WTY887W3\" width=\"300\" height=\"229\" srcset=\"https:\/\/www.devicemanuals.eu\/de\/wp-content\/uploads\/2014\/10\/WTY887W3-300x229.jpg 300w, https:\/\/www.devicemanuals.eu\/de\/wp-content\/uploads\/2014\/10\/WTY887W3.jpg 550w\" sizes=\"auto, (max-width: 300px) 100vw, 300px\" \/><\/a><figcaption id=\"caption-attachment-1091\" class=\"wp-caption-text\">Bosch WTY887W3<\/figcaption><\/figure>\n<p>&nbsp;<\/p>\n<h3><strong>Benutzerhandbuch\u00a0herunterladen <\/strong>&#8211;\u00a0Bosch WTY887W3\u00a0 [\u00a0Gebrauchsanleitung PDF]: <a href=\"http:\/\/www.devicemanuals.eu\/de\/wp-content\/uploads\/2014\/10\/WTY887W3-DE.pdf\">WTY887W3-DE<\/a><\/h3>\n<p>&nbsp;<\/p>\n<p>&nbsp;<\/p>\n<h3>Produktdaten<\/h3>\n<ul id=\"Child0-EAPEAA\">\n<li class=\"expand feature-title\">Leistung und Verbrauch<\/li>\n<li>Nennkapazit\u00e4t f\u00fcr das Standard-Baumwollprogramm bei vollst\u00e4ndiger Bef\u00fcllung: 8 kg Baumwollw\u00e4sche<\/li>\n<li>Trocknerart: Kondensation<\/li>\n<li>Energieeffizienzklasse: A+++<\/li>\n<li>-10% sparsamer (158kWh\/Jahr) als der Grenzwert (177kWh\/Jahr) der Energieeffizienzklasse A+++ in der Kategorie 8 kg nach der EU-Verordnung 392\/2012<\/li>\n<li>ActiveAir Technology<\/li>\n<li>Energieverbrauch von 158.0 kWh\/Jahr auf der Grundlage von 160 Trocknungszyklen f\u00fcr das Standard-Baumwollprogramm bei vollst\u00e4ndiger Bef\u00fcllung und Teilbef\u00fcllung sowie des Verbrauchs der Betriebsarten mit geringer Leistungsaufnahme. Der tats\u00e4chliche Energieverbrauch je Zyklus h\u00e4ngt von der Art der Nutzung des Ger\u00e4ts ab<\/li>\n<li>Energieverbrauch des Standard-Baumwollprogramms bei vollst\u00e4ndiger Bef\u00fcllung 1.27 kWh und Energieverbrauch des Standard-Baumwollprogramms bei Teilbef\u00fcllung 0.75 kWh<\/li>\n<li>Leistungsaufnahme im Aus-Zustand 0.13 W und im nichtausgeschalteten Zustand 0.13 W<\/li>\n<li>Dauer des unausgeschalteten Zustands: 30 min<\/li>\n<li>Das Programm Baumwolle schranktrocken ist das Standard-Trockenprogramm, auf die sich die Informationen auf dem Etikett und im Datenblatt beziehen. Dieses Programm ist zum Trocknen normaler nasser Baumwolltextilien geeignet und in Bezug auf den Energieverbrauch f\u00fcr Baumwolle am effizientesten.<\/li>\n<li>Gewichtete Programmdauer des Standard-Baumwollprogramms bei vollst\u00e4ndiger Bef\u00fcllung und Teilbef\u00fcllung: 165 min.<\/li>\n<li>Programmdauer des Standard-Baumwollprogramms bei vollst\u00e4ndiger Bef\u00fcllung 209 min und Programmdauer des Standard-Baumwollprogramms bei Teilbef\u00fcllung 132 min.<\/li>\n<li>Kondensationseffizienzklasse A auf einer Skala von G (geringste Effizienz) bis A (h\u00f6chste Effizienz).<\/li>\n<li>durchschnittliche Kondensationseffizienz des Standard-Baumwollprogramms bei vollst\u00e4ndiger Bef\u00fcllung 91 % und durchschnittliche Kondensationseffizienz des Standard-Baumwollprogramms bei Teilbef\u00fcllung 91 %.<\/li>\n<li>Gewichtete Kondensationseffizienz des Standard-Baumwollprogramms 91 %.<\/li>\n<li>Schalleistungspegel: 61 dB (A) re 1 pW<\/li>\n<\/ul>\n<ul id=\"Child0-EAADAA\">\n<li class=\"expand feature-title\">Programme<\/li>\n<li>Spezialprogramme: Wolle finish, Mix, Handt\u00fccher, Synthetikdecken, Zeitprogramm 30 min kalt, Zeitprogramm 60 Min Warm, Zeitprogramm 30 Min. warm, Baumwolle, Pflegeleicht, Sportswear, Feines, Daunen, Extra kurz 40, Blusen\/Hemden<\/li>\n<\/ul>\n<ul id=\"Child0-EACCAA\">\n<li class=\"expand feature-title\">Optionen<\/li>\n<li>Knitterschutz 120 min am Programmende<\/li>\n<li>TouchControl-Tasten: Knitterschutz, Endezeitvorwahl, Start\/Pause, Optionen, Trockenziele, Memory 1, Memory 2, Power Button, Grundeinstellungen, 24 h Endezeitvorwahl<\/li>\n<li>Multisignalt\u00f6ne<\/li>\n<\/ul>\n<ul id=\"Child0-EALBAA\">\n<li class=\"expand feature-title\">Komfort und Sicherheit<\/li>\n<li>SelfCleaning Condenser &#8211; nie mehr Kondensator reinigen<\/li>\n<li>AutoDry: feuchtegesteuerte Trocknungsprogramme<\/li>\n<li>beleuchteter Programmw\u00e4hler mit integriertem Ein-\/ Ausschalter<\/li>\n<li>Hochaufl\u00f6sendes TFT-Klartextdisplay f\u00fcr intuitive Bedienung<\/li>\n<li><a class=\"feature-link\" rel=\"43\">Sensitive Drying System<\/a>: gro\u00dfe Edelstahltrommel, Mitnehmer im Softdesign<\/li>\n<li>AntiVibration Design: mehr Stabilit\u00e4t und Laufruhe<\/li>\n<li>Trommelinnenbeleuchtung: LED<\/li>\n<li>Kindersicherung<\/li>\n<li>Signal am Programmende<\/li>\n<li>Glast\u00fcr mit Rahmen silber-schwarzgrau<\/li>\n<li>Komfortverschluss<\/li>\n<li>T\u00fcranschlag: wechselbar<\/li>\n<\/ul>\n<ul id=\"Child0-EABAAA\">\n<li class=\"expand feature-title\">Technische Informationen<\/li>\n<li>Ger\u00e4tema\u00dfe (H x B x T): 84,2 cm x 59,7 cm x 63,4 cm<\/li>\n<li>unterschiebbar ab 85 cm Nischenh\u00f6he<\/li>\n<\/ul>\n","protected":false},"excerpt":{"rendered":"<p>HomeProfessional WTY887W3 &nbsp; Benutzerhandbuch\u00a0herunterladen &#8211;\u00a0Bosch WTY887W3\u00a0 [\u00a0Gebrauchsanleitung PDF]: WTY887W3-DE &nbsp; &nbsp; Produktdaten Leistung und Verbrauch Nennkapazit\u00e4t f\u00fcr das Standard-Baumwollprogramm bei vollst\u00e4ndiger Bef\u00fcllung: 8 kg Baumwollw\u00e4sche Trocknerart: Kondensation Energieeffizienzklasse: A+++ -10% sparsamer (158kWh\/Jahr) als der Grenzwert (177kWh\/Jahr) der Energieeffizienzklasse A+++ in der Kategorie 8 kg nach der EU-Verordnung 392\/2012 ActiveAir Technology Energieverbrauch von 158.0 kWh\/Jahr auf&hellip;&nbsp;<\/p>\n","protected":false},"author":1,"featured_media":1091,"comment_status":"open","ping_status":"open","sticky":false,"template":"","format":"standard","meta":{"neve_meta_sidebar":"","neve_meta_container":"","neve_meta_enable_content_width":"","neve_meta_content_width":0,"neve_meta_title_alignment":"","neve_meta_author_avatar":"","neve_post_elements_order":"","neve_meta_disable_header":"","neve_meta_disable_footer":"","neve_meta_disable_title":"","footnotes":""},"categories":[5],"tags":[6,100,150,151,98],"class_list":["post-1090","post","type-post","status-publish","format-standard","has-post-thumbnail","hentry","category-bosch","tag-bosch-2","tag-kondensationstrockner","tag-supersilenceeco","tag-warmepumpe","tag-waschetrockner"],"_links":{"self":[{"href":"https:\/\/www.devicemanuals.eu\/de\/wp-json\/wp\/v2\/posts\/1090","targetHints":{"allow":["GET"]}}],"collection":[{"href":"https:\/\/www.devicemanuals.eu\/de\/wp-json\/wp\/v2\/posts"}],"about":[{"href":"https:\/\/www.devicemanuals.eu\/de\/wp-json\/wp\/v2\/types\/post"}],"author":[{"embeddable":true,"href":"https:\/\/www.devicemanuals.eu\/de\/wp-json\/wp\/v2\/users\/1"}],"replies":[{"embeddable":true,"href":"https:\/\/www.devicemanuals.eu\/de\/wp-json\/wp\/v2\/comments?post=1090"}],"version-history":[{"count":0,"href":"https:\/\/www.devicemanuals.eu\/de\/wp-json\/wp\/v2\/posts\/1090\/revisions"}],"wp:featuredmedia":[{"embeddable":true,"href":"https:\/\/www.devicemanuals.eu\/de\/wp-json\/wp\/v2\/media\/1091"}],"wp:attachment":[{"href":"https:\/\/www.devicemanuals.eu\/de\/wp-json\/wp\/v2\/media?parent=1090"}],"wp:term":[{"taxonomy":"category","embeddable":true,"href":"https:\/\/www.devicemanuals.eu\/de\/wp-json\/wp\/v2\/categories?post=1090"},{"taxonomy":"post_tag","embeddable":true,"href":"https:\/\/www.devicemanuals.eu\/de\/wp-json\/wp\/v2\/tags?post=1090"}],"curies":[{"name":"wp","href":"https:\/\/api.w.org\/{rel}","templated":true}]}}