{"id":1296,"date":"2015-10-12T11:28:48","date_gmt":"2015-10-12T10:28:48","guid":{"rendered":"http:\/\/www.devicemanuals.eu\/de\/?p=1296"},"modified":"2015-10-12T11:28:48","modified_gmt":"2015-10-12T10:28:48","slug":"kompaktbackofen-siemens-cb634gbs1","status":"publish","type":"post","link":"https:\/\/www.devicemanuals.eu\/de\/kompaktbackofen-siemens-cb634gbs1\/1296\/","title":{"rendered":"Kompaktbackofen Siemens CB634GBS1"},"content":{"rendered":"<h2>Backofen IQ 700 Siemens CB634GBS1 Edelstahl<\/h2>\n<p>Der 45cm hohe Kompaktbackofen bietet modernen Back- und Kochkomfort.<\/p>\n<figure id=\"attachment_1297\" aria-describedby=\"caption-attachment-1297\" style=\"width: 253px\" class=\"wp-caption alignnone\"><a href=\"http:\/\/www.devicemanuals.eu\/de\/wp-content\/uploads\/2015\/10\/CB634GBS1.png\"><img loading=\"lazy\" decoding=\"async\" class=\"size-medium wp-image-1297\" src=\"http:\/\/www.devicemanuals.eu\/de\/wp-content\/uploads\/2015\/10\/CB634GBS1-253x300.png\" alt=\"Siemens CB634GBS1\" width=\"253\" height=\"300\" srcset=\"https:\/\/www.devicemanuals.eu\/de\/wp-content\/uploads\/2015\/10\/CB634GBS1-253x300.png 253w, https:\/\/www.devicemanuals.eu\/de\/wp-content\/uploads\/2015\/10\/CB634GBS1.png 435w\" sizes=\"auto, (max-width: 253px) 100vw, 253px\" \/><\/a><figcaption id=\"caption-attachment-1297\" class=\"wp-caption-text\">Siemens CB634GBS1<\/figcaption><\/figure>\n<p>&nbsp;<\/p>\n<h3><strong>Benutzerhandbuch\u00a0herunterladen <\/strong>\u2013<\/h3>\n<h3>Siemens CB634GBS1 [\u00a0Gebrauchsanleitung PDF]: <a href=\"http:\/\/www.devicemanuals.eu\/de\/wp-content\/uploads\/2015\/10\/CB634GBS1.pdf\">CB634GBS1<\/a><\/h3>\n<div class=\"list-data\">\n<ul>\n<li>TFT-Display: gute Lesbarkeit aus jeder Perspektive.<\/li>\n<li>Energieeffizenzklasse A+: f\u00fcr effizienteres Braten und Backen.<\/li>\n<li>coolStart: gefrorene Lebensmittel ohne Vorheizen zubereiten.<\/li>\n<li>softMove: sanftes \u00d6ffnen und Schlie\u00dfen der Backofent\u00fcr.<\/li>\n<li>ecoClean Plus: einfacheres Reinigen dank spezieller Beschichtung.<\/li>\n<\/ul>\n<div class=\"toggle-box-inner\">\n<div id=\"ID-1444643517426\" class=\"js-expanded a11y-js-overflow\">\n<div class=\"unit-items\">\n<div class=\"content-block\">\n<div class=\"content-block-inner\">\n<div class=\"text-section\">\n<ul>\n<li>Kompaktbackofen mit 13 Beheizungsarten:<br \/>\n4D-Hei\u00dfluft, Hei\u00dfluft-Eco, Ober-\/Unterhitze, Ober-\/Unterhitze Eco, Umluft-Grill-System, Gro\u00dffl\u00e4chengrill, Kleinfl\u00e4chengrill, Pizzastufe, coolStart, separate Unterhitze, Sanftgaren, Vorw\u00e4rmen, Warmhalten<\/li>\n<li>Elektronische Temperaturregelung von 30 \u00b0C &#8211; 300 \u00b0C<\/li>\n<li>Schnellaufheizung<\/li>\n<li>Edelstahl-L\u00fcfterrad<\/li>\n<li>Garraumvolumen: 47 l<\/li>\n<\/ul>\n<\/div>\n<\/div>\n<\/div>\n<\/div>\n<\/div>\n<\/div>\n<div class=\"hgroup js-selected\" tabindex=\"0\">\n<h3>Komfort<\/h3>\n<\/div>\n<div class=\"toggle-box-inner\">\n<div id=\"ID-1444643517427\" class=\"a11y-js-overflow js-expanded\">\n<div class=\"unit-items\">\n<div class=\"content-block\">\n<div class=\"content-block-inner\">\n<div class=\"text-section\">\n<ul>\n<li>TFT- Display<\/li>\n<li>Halogen-Innenbeleuchtung, abschaltbar<\/li>\n<li>Klappt\u00fcr, Backofent\u00fcr mit softMove, ged\u00e4mpftes \u00d6ffnen und Schliessen<\/li>\n<li>Elektronik-Uhr<\/li>\n<li>Infotaste<\/li>\n<\/ul>\n<\/div>\n<\/div>\n<\/div>\n<\/div>\n<\/div>\n<\/div>\n<div class=\"hgroup js-selected\" tabindex=\"0\">\n<h3>Reinigung<\/h3>\n<\/div>\n<div class=\"toggle-box-inner\">\n<div id=\"ID-1444643517428\" class=\"a11y-js-overflow js-expanded\">\n<div class=\"unit-items\">\n<div class=\"content-block\">\n<div class=\"content-block-inner\">\n<div class=\"text-section\">\n<ul>\n<li>Ecoclean-Ausstattung: R\u00fcckwand<\/li>\n<li>Vollglas-Innent\u00fcr<\/li>\n<\/ul>\n<\/div>\n<\/div>\n<\/div>\n<\/div>\n<\/div>\n<\/div>\n<div class=\"hgroup js-selected\" tabindex=\"0\">\n<h3>Design<\/h3>\n<\/div>\n<div class=\"toggle-box-inner\">\n<div id=\"ID-1444643517429\" class=\"a11y-js-overflow js-expanded\">\n<div class=\"unit-items\">\n<div class=\"content-block\">\n<div class=\"content-block-inner\">\n<div class=\"text-section\">\n<ul>\n<li>lightControl-Bedienkonzept &#8211; f\u00fcr einfache Bedienung<\/li>\n<li>Titan-Glanzemail anthrazit<\/li>\n<li>Backofengriff aus massivem Edelstahl<\/li>\n<\/ul>\n<\/div>\n<\/div>\n<\/div>\n<\/div>\n<\/div>\n<\/div>\n<div class=\"hgroup js-selected\" tabindex=\"0\">\n<h3>Zubeh\u00f6r<\/h3>\n<\/div>\n<div class=\"toggle-box-inner\">\n<div id=\"ID-1444643517430\" class=\"a11y-js-overflow js-expanded\">\n<div class=\"unit-items\">\n<div class=\"content-block\">\n<div class=\"content-block-inner\">\n<div class=\"text-section\">\n<ul>\n<li>1 x Kombirost, 1 x Universalpfanne<\/li>\n<\/ul>\n<\/div>\n<\/div>\n<\/div>\n<\/div>\n<\/div>\n<\/div>\n<div class=\"hgroup js-selected\" tabindex=\"0\">\n<h3>Umwelt und Sicherheit<\/h3>\n<\/div>\n<div class=\"toggle-box-inner\">\n<div id=\"ID-1444643517431\" class=\"a11y-js-overflow js-expanded\">\n<div class=\"unit-items\">\n<div class=\"content-block\">\n<div class=\"content-block-inner\">\n<div class=\"text-section\">\n<ul>\n<li>Energieeffizienzklasse (gem. EU Nr. 65\/2014): A+<br \/>\nEnergieverbrauch pro Zyklus im konventionellen Modus: 0.73 kWh<br \/>\nEnergieverbrauch pro Zyklus im Umluft-Modus: 0.61 kWh<br \/>\nZahl der Garr\u00e4ume: 1<br \/>\nW\u00e4rmequelle: elektrisch<br \/>\nInnenraumvolumen: 47 l<\/li>\n<li>sehr geringe Fenstertemperatur max. 40\u00b0C<br \/>\n(Messung bei 180\u00b0C Backofentemperatur \/ Heizart Ober-\/Unterhitze nach 1 Stunde in der Fenstermitte)<\/li>\n<li>Kindersicherung<br \/>\nSicherheitsabschaltung<br \/>\nRestw\u00e4rmeanzeige<br \/>\nStarttaste<br \/>\nT\u00fcrkontaktschalter<\/li>\n<\/ul>\n<\/div>\n<\/div>\n<\/div>\n<\/div>\n<\/div>\n<\/div>\n<div class=\"hgroup js-selected\" tabindex=\"0\">\n<h3>Technische Info:<\/h3>\n<\/div>\n<div class=\"toggle-box-inner\">\n<div id=\"ID-1444643517432\" class=\"a11y-js-overflow js-expanded\">\n<div class=\"unit-items\">\n<div class=\"content-block\">\n<div class=\"content-block-inner\">\n<div class=\"text-section\">\n<ul>\n<li>L\u00e4nge Netzkabel: 120 cm<\/li>\n<li>Gesamtanschlusswert Elektro: 3 kW<\/li>\n<li>Ger\u00e4tema\u00dfe (HxBxT): 455 x 595 x 548 mm<\/li>\n<li>\u201eMa\u00dfe und Einbauhinweise zu diesem Ger\u00e4t gem\u00e4\u00df technischer Zeichnung beachten\u201c<\/li>\n<\/ul>\n<\/div>\n<\/div>\n<\/div>\n<\/div>\n<\/div>\n<\/div>\n<div class=\"hgroup js-selected\" tabindex=\"0\">\n<h3><\/h3>\n<\/div>\n<div class=\"toggle-box-inner\">\n<div id=\"ID-1444643517433\" class=\"a11y-js-overflow js-expanded\">\n<div class=\"unit-items\">\n<div class=\"box type-2 data-content\">\n<div id=\"tabtree-5\" class=\"toggle-box\">\n<div class=\"hgroup js-selected\" tabindex=\"0\">\n<h3>Allgemein<\/h3>\n<\/div>\n<div class=\"toggle-box-inner\">\n<div id=\"ID-1444643517434\" class=\"js-expanded a11y-js-overflow\">\n<div class=\"unit-items\">\n<div class=\"content-block\">\n<div class=\"data-list\">\n<ul>\n<li>\n<dl>\n<dt>Ger\u00e4tebreite (mm)<\/dt>\n<dd>595 mm<\/dd>\n<\/dl>\n<\/li>\n<li>\n<dl>\n<dt>H\u00f6he (mm)<\/dt>\n<dd>455 mm<\/dd>\n<\/dl>\n<\/li>\n<li>\n<dl>\n<dt>Beheizungsarten<\/dt>\n<dd>Pizzastufe, Sanftgaren, Unterhitze, Umluftgrill, Vorw\u00e4rmen, Warmhalten, Kleinfl\u00e4chengrill, Hei\u00dfluft-Eco, Gro\u00dffl\u00e4chengrill, Ober-\/Unterhitze<\/dd>\n<\/dl>\n<\/li>\n<li>\n<dl>\n<dt>TFT-Touchdisplay Plus<\/dt>\n<dd><\/dd>\n<\/dl>\n<\/li>\n<li>\n<dl>\n<dt>TFT-Touchdisplay<\/dt>\n<dd><\/dd>\n<\/dl>\n<\/li>\n<li>\n<dl>\n<dt>TFT-Display<\/dt>\n<dd><\/dd>\n<\/dl>\n<\/li>\n<li>\n<dl>\n<dt>Home Connect<\/dt>\n<dd><\/dd>\n<\/dl>\n<\/li>\n<li>\n<dl>\n<dt>Highlights<\/dt>\n<dd>Kindersicherung, Schnellaufheizung, ecoClean<\/dd>\n<\/dl>\n<\/li>\n<li>\n<dl>\n<dt>Integriertes Zubeh\u00f6r<\/dt>\n<dd>1 x Kombirost, 1 x Universalpfanne<\/dd>\n<\/dl>\n<\/li>\n<li>\n<dl>\n<dt>Energieeffizienz<\/dt>\n<dd>A<\/dd>\n<\/dl>\n<\/li>\n<\/ul>\n<\/div>\n<\/div>\n<\/div>\n<\/div>\n<\/div>\n<\/div>\n<\/div>\n<div class=\"box type-2 data-content\">\n<div id=\"tabtree-6\" class=\"toggle-box\">\n<div class=\"hgroup js-selected\" tabindex=\"0\">\n<h3>Bauart<\/h3>\n<\/div>\n<div class=\"toggle-box-inner\">\n<div id=\"ID-1444643517435\" class=\"a11y-js-overflow js-expanded\">\n<div class=\"unit-items\">\n<div class=\"content-block\">\n<div class=\"data-list\">\n<ul>\n<li>\n<dl>\n<dt>Frontfarbe<\/dt>\n<dd>Edelstahl<\/dd>\n<\/dl>\n<\/li>\n<li>\n<dl>\n<dt>Bauform<\/dt>\n<dd>Einbau<\/dd>\n<\/dl>\n<\/li>\n<li>\n<dl>\n<dt>Material der Blende<\/dt>\n<dd>Edelstahl<\/dd>\n<\/dl>\n<\/li>\n<li>\n<dl>\n<dt>Bedienelemente &#8211; Backrohr 1<\/dt>\n<dd>Drehknebel<\/dd>\n<\/dl>\n<\/li>\n<li>\n<dl>\n<dt>Material der T\u00fcr<\/dt>\n<dd>Glas<\/dd>\n<\/dl>\n<\/li>\n<li>\n<dl>\n<dt>Energiequelle<\/dt>\n<dd>Elektro<\/dd>\n<\/dl>\n<\/li>\n<li>\n<dl>\n<dt>Art der Installation<\/dt>\n<dd>Integrierbar<\/dd>\n<\/dl>\n<\/li>\n<li>\n<dl>\n<dt>T\u00fcranschlag<\/dt>\n<dd>ged\u00e4mpft, unten<\/dd>\n<\/dl>\n<\/li>\n<\/ul>\n<\/div>\n<\/div>\n<\/div>\n<\/div>\n<\/div>\n<\/div>\n<\/div>\n<div class=\"box type-2 data-content\">\n<div id=\"tabtree-7\" class=\"toggle-box\">\n<div class=\"hgroup js-selected\" tabindex=\"0\">\n<h3>Gr\u00f6\u00dfe und Gewicht<\/h3>\n<\/div>\n<div class=\"toggle-box-inner\">\n<div id=\"ID-1444643517436\" class=\"a11y-js-overflow js-expanded\">\n<div class=\"unit-items\">\n<div class=\"content-block\">\n<div class=\"data-list\">\n<ul>\n<li>\n<dl>\n<dt>Backrohrbreite (cm)<\/dt>\n<dd>48,0 cm<\/dd>\n<\/dl>\n<\/li>\n<li>\n<dl>\n<dt>Backrohrh\u00f6he (cm)<\/dt>\n<dd>23,7 cm<\/dd>\n<\/dl>\n<\/li>\n<li>\n<dl>\n<dt>Backrohrtiefe (cm)<\/dt>\n<dd>41,5 cm<\/dd>\n<\/dl>\n<\/li>\n<li>\n<dl>\n<dt>Abmessungen des Ger\u00e4tes (mm)<\/dt>\n<dd>455 x 595 x 548 mm<\/dd>\n<\/dl>\n<\/li>\n<li>\n<dl>\n<dt>Nischenbreite (in mm)<\/dt>\n<dd>560 mm<\/dd>\n<\/dl>\n<\/li>\n<li>\n<dl>\n<dt>Nischenh\u00f6he (mm)<\/dt>\n<dd>450 mm<\/dd>\n<\/dl>\n<\/li>\n<li>\n<dl>\n<dt>Nischentiefe (in mm)<\/dt>\n<dd>550 mm<\/dd>\n<\/dl>\n<\/li>\n<li>\n<dl>\n<dt>Tiefe bei ge\u00f6ffneter T\u00fcr (mm)<\/dt>\n<dd>920 mm<\/dd>\n<\/dl>\n<\/li>\n<li>\n<dl>\n<dt>Nettogewicht (kg)<\/dt>\n<dd>30,0 kg<\/dd>\n<\/dl>\n<\/li>\n<\/ul>\n<\/div>\n<\/div>\n<\/div>\n<\/div>\n<\/div>\n<\/div>\n<\/div>\n<div class=\"box type-2 data-content\">\n<div id=\"tabtree-8\" class=\"toggle-box\">\n<div class=\"hgroup js-selected\" tabindex=\"0\">\n<h3>Backrohr<\/h3>\n<\/div>\n<div class=\"toggle-box-inner\">\n<div id=\"ID-1444643517437\" class=\"a11y-js-overflow js-expanded\">\n<div class=\"unit-items\">\n<div class=\"content-block\">\n<div class=\"data-list\">\n<ul>\n<li>\n<dl>\n<dt>Gr\u00f6\u00dfe gr\u00f6\u00dftes Backblech<\/dt>\n<dd>1.290<\/dd>\n<\/dl>\n<\/li>\n<li>\n<dl>\n<dt>Heissluft Temperatur max. (\u00b0C)<\/dt>\n<dd>275 \u00b0C<\/dd>\n<\/dl>\n<\/li>\n<li>\n<dl>\n<dt>Maximale Temperatur (\u00b0C)<\/dt>\n<dd>300 \u00b0C<\/dd>\n<\/dl>\n<\/li>\n<li>\n<dl>\n<dt>Gr\u00f6\u00dfe &#8211; Backrohr 1<\/dt>\n<dd>mittel<\/dd>\n<\/dl>\n<\/li>\n<li>\n<dl>\n<dt>T\u00fcrtemperatur<\/dt>\n<dd>40 \u00b0C<\/dd>\n<\/dl>\n<\/li>\n<\/ul>\n<\/div>\n<\/div>\n<\/div>\n<\/div>\n<\/div>\n<\/div>\n<\/div>\n<div class=\"box type-2 data-content\">\n<div id=\"tabtree-9\" class=\"toggle-box\">\n<div class=\"hgroup js-selected\" tabindex=\"0\">\n<h3>Sicherheit<\/h3>\n<\/div>\n<div class=\"toggle-box-inner\"><\/div>\n<\/div>\n<\/div>\n<div class=\"box type-2 data-content\">\n<div id=\"tabtree-10\" class=\"toggle-box\">\n<div class=\"hgroup js-selected\" tabindex=\"0\">\n<h3>Verbrauchswerte<\/h3>\n<\/div>\n<div class=\"toggle-box-inner\">\n<div id=\"ID-1444643517439\" class=\"a11y-js-overflow js-expanded\">\n<div class=\"unit-items\">\n<div class=\"content-block\">\n<div class=\"data-list\">\n<ul>\n<li>\n<dl>\n<dt>Energieeffizienz besser als A<\/dt>\n<dd>-20%<\/dd>\n<\/dl>\n<\/li>\n<li>\n<dl>\n<dt>Energieeffizienz<\/dt>\n<dd>A<\/dd>\n<\/dl>\n<\/li>\n<li>\n<dl>\n<dt>Energieverbrauch Umluft\/Hei\u00dfluft &#8211; Backrohr 1 (kWh)<\/dt>\n<dd>0,61 kWh<\/dd>\n<\/dl>\n<\/li>\n<\/ul>\n<\/div>\n<\/div>\n<\/div>\n<\/div>\n<\/div>\n<\/div>\n<\/div>\n<div class=\"box type-2 data-content\">\n<div id=\"tabtree-11\" class=\"toggle-box\">\n<div class=\"hgroup js-selected\" tabindex=\"0\">\n<h3>Komfort<\/h3>\n<\/div>\n<div class=\"toggle-box-inner\">\n<div id=\"ID-1444643517440\" class=\"a11y-js-overflow js-expanded\">\n<div class=\"unit-items\">\n<div class=\"content-block\">\n<div class=\"data-list\">\n<ul>\n<li>\n<dl>\n<dt>Integriertes Zubeh\u00f6r<\/dt>\n<dd>1 x Kombirost, 1 x Universalpfanne<\/dd>\n<\/dl>\n<\/li>\n<li>\n<dl>\n<dt>Auszugssystem<\/dt>\n<dd>Nachr\u00fcstbar<\/dd>\n<\/dl>\n<\/li>\n<li>\n<dl>\n<dt>Integrierte Kochfeldsteuereinheiten<\/dt>\n<dd><\/dd>\n<\/dl>\n<\/li>\n<\/ul>\n<\/div>\n<\/div>\n<\/div>\n<\/div>\n<\/div>\n<\/div>\n<\/div>\n<div class=\"box type-2 data-content\">\n<div id=\"tabtree-12\" class=\"toggle-box\">\n<div class=\"hgroup js-selected\" tabindex=\"0\">\n<h3>Anschluss<\/h3>\n<\/div>\n<div class=\"toggle-box-inner\">\n<div id=\"ID-1444643517441\" class=\"a11y-js-overflow js-expanded\">\n<div class=\"unit-items\">\n<div class=\"content-block\">\n<div class=\"data-list\">\n<ul>\n<li>\n<dl>\n<dt>L\u00e4nge Anschlusskabel (cm)<\/dt>\n<dd>120 cm<\/dd>\n<\/dl>\n<\/li>\n<li>\n<dl>\n<dt>Absicherung (A)<\/dt>\n<dd>16 A<\/dd>\n<\/dl>\n<\/li>\n<li>\n<dl>\n<dt>Elektroanschlu\u00dfwert (W)<\/dt>\n<dd>3.000 W<\/dd>\n<\/dl>\n<\/li>\n<li>\n<dl>\n<dt>Steckerart<\/dt>\n<dd>Schuko-\/Gardy.m.Erdung<\/dd>\n<\/dl>\n<\/li>\n<li>\n<dl>\n<dt>Spannung (V)<\/dt>\n<dd>220-240 V<\/dd>\n<\/dl>\n<\/li>\n<\/ul>\n<\/div>\n<\/div>\n<\/div>\n<\/div>\n<\/div>\n<\/div>\n<\/div>\n<\/div>\n<\/div>\n<\/div>\n<\/div>\n","protected":false},"excerpt":{"rendered":"<p>Backofen IQ 700 Siemens CB634GBS1 Edelstahl Der 45cm hohe Kompaktbackofen bietet modernen Back- und Kochkomfort. &nbsp; Benutzerhandbuch\u00a0herunterladen \u2013 Siemens CB634GBS1 [\u00a0Gebrauchsanleitung PDF]: CB634GBS1 TFT-Display: gute Lesbarkeit aus jeder Perspektive. Energieeffizenzklasse A+: f\u00fcr effizienteres Braten und Backen. coolStart: gefrorene Lebensmittel ohne Vorheizen zubereiten. softMove: sanftes \u00d6ffnen und Schlie\u00dfen der Backofent\u00fcr. ecoClean Plus: einfacheres Reinigen dank spezieller&hellip;&nbsp;<\/p>\n","protected":false},"author":1,"featured_media":1297,"comment_status":"open","ping_status":"open","sticky":false,"template":"","format":"standard","meta":{"neve_meta_sidebar":"","neve_meta_container":"","neve_meta_enable_content_width":"","neve_meta_content_width":0,"neve_meta_title_alignment":"","neve_meta_author_avatar":"","neve_post_elements_order":"","neve_meta_disable_header":"","neve_meta_disable_footer":"","neve_meta_disable_title":"","footnotes":""},"categories":[70],"tags":[174,68,176,175,173],"class_list":["post-1296","post","type-post","status-publish","format-standard","has-post-thumbnail","hentry","category-siemens","tag-backen","tag-backofen","tag-edelstahl","tag-iq-700","tag-kompaktbackofen"],"_links":{"self":[{"href":"https:\/\/www.devicemanuals.eu\/de\/wp-json\/wp\/v2\/posts\/1296","targetHints":{"allow":["GET"]}}],"collection":[{"href":"https:\/\/www.devicemanuals.eu\/de\/wp-json\/wp\/v2\/posts"}],"about":[{"href":"https:\/\/www.devicemanuals.eu\/de\/wp-json\/wp\/v2\/types\/post"}],"author":[{"embeddable":true,"href":"https:\/\/www.devicemanuals.eu\/de\/wp-json\/wp\/v2\/users\/1"}],"replies":[{"embeddable":true,"href":"https:\/\/www.devicemanuals.eu\/de\/wp-json\/wp\/v2\/comments?post=1296"}],"version-history":[{"count":0,"href":"https:\/\/www.devicemanuals.eu\/de\/wp-json\/wp\/v2\/posts\/1296\/revisions"}],"wp:featuredmedia":[{"embeddable":true,"href":"https:\/\/www.devicemanuals.eu\/de\/wp-json\/wp\/v2\/media\/1297"}],"wp:attachment":[{"href":"https:\/\/www.devicemanuals.eu\/de\/wp-json\/wp\/v2\/media?parent=1296"}],"wp:term":[{"taxonomy":"category","embeddable":true,"href":"https:\/\/www.devicemanuals.eu\/de\/wp-json\/wp\/v2\/categories?post=1296"},{"taxonomy":"post_tag","embeddable":true,"href":"https:\/\/www.devicemanuals.eu\/de\/wp-json\/wp\/v2\/tags?post=1296"}],"curies":[{"name":"wp","href":"https:\/\/api.w.org\/{rel}","templated":true}]}}