{"id":1721,"date":"2018-04-04T10:04:59","date_gmt":"2018-04-04T09:04:59","guid":{"rendered":"http:\/\/www.devicemanuals.eu\/de\/?p=1721"},"modified":"2018-04-04T10:05:08","modified_gmt":"2018-04-04T09:05:08","slug":"warmepumpentrockner-siemens-wt47w680","status":"publish","type":"post","link":"https:\/\/www.devicemanuals.eu\/de\/warmepumpentrockner-siemens-wt47w680\/1721\/","title":{"rendered":"W\u00e4rmepumpentrockner  Siemens  WT47W680"},"content":{"rendered":"<h2><span class=\"value-class\">iQ500<\/span> selfCleaning condenser W\u00e4rmepumpentrockner<\/h2>\n<p>iSensoric W\u00e4rmepumpentrockner mit Kondensator-Selbstreinigung und extrem kurzen Trocknungszeiten.<\/p>\n<figure id=\"attachment_1722\" aria-describedby=\"caption-attachment-1722\" style=\"width: 253px\" class=\"wp-caption alignnone\"><a href=\"http:\/\/www.devicemanuals.eu\/de\/wp-content\/uploads\/2018\/04\/WT47W680.png\"><img loading=\"lazy\" decoding=\"async\" class=\"size-medium wp-image-1722\" src=\"http:\/\/www.devicemanuals.eu\/de\/wp-content\/uploads\/2018\/04\/WT47W680-253x300.png\" alt=\"Siemens WT47W680\" width=\"253\" height=\"300\" srcset=\"https:\/\/www.devicemanuals.eu\/de\/wp-content\/uploads\/2018\/04\/WT47W680-253x300.png 253w, https:\/\/www.devicemanuals.eu\/de\/wp-content\/uploads\/2018\/04\/WT47W680.png 435w\" sizes=\"auto, (max-width: 253px) 100vw, 253px\" \/><\/a><figcaption id=\"caption-attachment-1722\" class=\"wp-caption-text\">Siemens WT47W680<\/figcaption><\/figure>\n<p>&nbsp;<\/p>\n<h3><strong>Benutzerhandbuch\u00a0herunterladen <\/strong>\u2013<\/h3>\n<h3>Siemens WT47W680 [Gebrauchsanleitung PDF]: <a href=\"http:\/\/www.devicemanuals.eu\/de\/wp-content\/uploads\/2018\/04\/WT47W680_DE.pdf\">WT47W680_DE<\/a><\/h3>\n<p>&nbsp;<\/p>\n<p>&nbsp;<\/p>\n<div class=\"list-data\">\n<ul>\n<li>Mit dem digitalen multiTouch LED Display l\u00e4sst sich der Trockner intuitiv und mit h\u00f6chster Pr\u00e4zision steuern.<\/li>\n<li>Nie wieder Kondensator reinigen und dauerhaft niedriger Energieverbrauch dank Selbstreinigungs-Automatik.<\/li>\n<li>A+++: trocknet besonders effizient.<\/li>\n<li>Sensorgesteuerte autoDry-Technologie verhindert Einlaufen der W\u00e4sche beim Trocknen.<\/li>\n<\/ul>\n<div class=\"panel-wrapper\">\n<div id=\"section-technicalspecs\" class=\"panel a11y-js-overflow js-expanded\" role=\"group\" aria-expanded=\"true\">\n<div class=\"unit-items\">\n<div id=\"tabtree-4\" class=\"toggle-box\">\n<div class=\"hgroup js-selected\" tabindex=\"0\" role=\"button\" aria-controls=\"ID-1522832282652\" aria-expanded=\"true\">\n<h3 class=\"\" tabindex=\"-1\">Leistung und Verbrauch<\/h3>\n<\/div>\n<div class=\"toggle-box-inner\">\n<div id=\"ID-1522832282652\" class=\"js-expanded a11y-js-overflow\" role=\"group\" aria-expanded=\"true\">\n<div class=\"unit-items\">\n<div class=\"content-block\">\n<div class=\"content-block-inner\">\n<div class=\"text-section\">\n<ul>\n<li>Nennkapazit\u00e4t f\u00fcr das Standard-Baumwollprogramm bei vollst\u00e4ndiger Bef\u00fcllung: 8 kg Baumwollw\u00e4sche<\/li>\n<li>Trocknerart: Kondensation<\/li>\n<li>Energieeffizienzklasse: A+++ auf einer Energieeffizienzklasse-Skala von A+++ bis D<\/li>\n<li>Energieverbrauch von 177.0 kWh\/Jahr auf der Grundlage von 160 Trocknungszyklen f\u00fcr das Standard-Baumwollprogramm bei vollst\u00e4ndiger Bef\u00fcllung und Teilbef\u00fcllung sowie des Verbrauchs der Betriebsarten mit geringer Leistungsaufnahme. Der tats\u00e4chliche Energieverbrauch je Zyklus h\u00e4ngt von der Art der Nutzung des Ger\u00e4ts ab<\/li>\n<li>Energieverbrauch des Standard-Baumwollprogramms bei vollst\u00e4ndiger Bef\u00fcllung 1.44 kWh und Energieverbrauch des Standard-Baumwollprogramms bei Teilbef\u00fcllung 0.85 kWh<\/li>\n<li>Leistungsaufnahme im Aus-Zustand 0.1 W und im nichtausgeschalteten Zustand 0.1 W<\/li>\n<li>Dauer des unausgeschalteten Zustands: 30 min<\/li>\n<li>Das Programm Baumwolle schranktrocken ist das Standard-Trockenprogramm, auf die sich die Informationen auf dem Etikett und im Datenblatt beziehen. Dieses Programm ist zum Trocknen normaler nasser Baumwolltextilien geeignet und in Bezug auf den Energieverbrauch f\u00fcr Baumwolle am effizientesten.<\/li>\n<li>Gewichtete Programmdauer des Standard-Baumwollprogramms bei vollst\u00e4ndiger Bef\u00fcllung und Teilbef\u00fcllung: 118 min.<\/li>\n<li>Programmdauer des Standard-Baumwollprogramms bei vollst\u00e4ndiger Bef\u00fcllung 148 min und Programmdauer des Standard-Baumwollprogramms bei Teilbef\u00fcllung 95 min.<\/li>\n<li>Kondensationseffizienzklasse B auf einer Skala von G (geringste Effizienz) bis A (h\u00f6chste Effizienz).<\/li>\n<li>durchschnittliche Kondensationseffizienz des Standard-Baumwollprogramms bei vollst\u00e4ndiger Bef\u00fcllung 86 % und durchschnittliche Kondensationseffizienz des Standard-Baumwollprogramms bei Teilbef\u00fcllung 88 %.<\/li>\n<li>Gewichtete Kondensationseffizienz des Standard-Baumwollprogramms 87 %.<\/li>\n<li>Schalleistungspegel: 64 dB (A) re 1 pW<\/li>\n<\/ul>\n<\/div>\n<\/div>\n<\/div>\n<\/div>\n<\/div>\n<\/div>\n<div class=\"hgroup js-selected\" tabindex=\"0\" role=\"button\" aria-controls=\"ID-1522832282653\" aria-expanded=\"true\">\n<h3>Programme<\/h3>\n<\/div>\n<div class=\"toggle-box-inner\">\n<div id=\"ID-1522832282653\" class=\"a11y-js-overflow js-expanded\" role=\"group\" aria-expanded=\"true\">\n<div class=\"unit-items\">\n<div class=\"content-block\">\n<div class=\"content-block-inner\">\n<div class=\"text-section\">\n<ul>\n<li>Spezialprogramme: Wolle finish, Mix, Outdoor, Handt\u00fccher, Steppdecken, Kopfkissen, Zeitprogramm warm, Zeitprogramm kalt, Baumwolle, Pflegeleicht, Hygiene, Dessous, Super 40, Blusen\/Hemden<\/li>\n<\/ul>\n<\/div>\n<\/div>\n<\/div>\n<\/div>\n<\/div>\n<\/div>\n<div class=\"hgroup js-selected\" tabindex=\"0\" role=\"button\" aria-controls=\"ID-1522832282654\" aria-expanded=\"true\">\n<h3>Optionen<\/h3>\n<\/div>\n<div class=\"toggle-box-inner\">\n<div id=\"ID-1522832282654\" class=\"a11y-js-overflow js-expanded\" role=\"group\" aria-expanded=\"true\">\n<div class=\"unit-items\">\n<div class=\"content-block\">\n<div class=\"content-block-inner\">\n<div class=\"text-section\">\n<ul>\n<li>Knitterschutz 120 min am Programmende<\/li>\n<li>touchControl-Tasten: Schontrocknen, Signal, Fertig in, Start\/Pause, Trockenziele, Trocknungsgradfeinjustage, Kindersicherung 3 Sek., Knitterschutz 60 Min., Knitterschutz 120 Min., 24 h Fertig in<\/li>\n<li>Summer<\/li>\n<\/ul>\n<\/div>\n<\/div>\n<\/div>\n<\/div>\n<\/div>\n<\/div>\n<div class=\"hgroup js-selected\" tabindex=\"0\" role=\"button\" aria-controls=\"ID-1522832282655\" aria-expanded=\"true\">\n<h3>Komfort und Sicherheit<\/h3>\n<\/div>\n<div class=\"toggle-box-inner\">\n<div id=\"ID-1522832282655\" class=\"a11y-js-overflow js-expanded\" role=\"group\" aria-expanded=\"true\">\n<div class=\"unit-items\">\n<div class=\"content-block\">\n<div class=\"content-block-inner\">\n<div class=\"text-section\">\n<ul>\n<li>selfCleaning Condenser<\/li>\n<li>Trommelinnenbeleuchtung: LED<\/li>\n<li>AutoDry: feuchtegesteuerte Trocknungsprogramme<\/li>\n<li>Gro\u00dfes \u00fcbersichtliches Touch-LED-Display f\u00fcr Schontrocknen, Signal, Fertig in, Start\/Pause, Trockenziele, Trocknungsgradfeinjustage, Kindersicherung 3 Sek., Knitterschutz 60 Min., Knitterschutz 120 Min., My favorite<\/li>\n<li>Programmw\u00e4hler mit integriertem Ein-\/ Ausschalter<\/li>\n<li>softDry-Trommelsystem: gro\u00dfe Edelstahltrommel, Mitnehmer im Softdesign<\/li>\n<li>anti-vibration Design: mehr Stabilit\u00e4t und Laufruhe<\/li>\n<li>Kindersicherung<\/li>\n<li>Signal am Programmende<\/li>\n<li>Glast\u00fcr Alu-Look, wei\u00df<\/li>\n<li>Komfortverschluss<\/li>\n<li>Komfort-Ablaufgarnitur<\/li>\n<\/ul>\n<\/div>\n<\/div>\n<\/div>\n<\/div>\n<\/div>\n<\/div>\n<div class=\"hgroup js-selected\" tabindex=\"0\" role=\"button\" aria-controls=\"ID-1522832282656\" aria-expanded=\"true\">\n<h3>Technische Informationen<\/h3>\n<\/div>\n<div class=\"toggle-box-inner\">\n<div id=\"ID-1522832282656\" class=\"a11y-js-overflow js-expanded\" role=\"group\" aria-expanded=\"true\">\n<div class=\"unit-items\">\n<div class=\"content-block\">\n<div class=\"content-block-inner\">\n<div class=\"text-section\">\n<ul>\n<li>Ger\u00e4tema\u00dfe (H x B x T): 84,2 cm x 59,7 cm x 59,9 cm<\/li>\n<li>Abgeschr\u00e4gte Blende, unterschiebbar ab 85 cm Nischenh\u00f6he<\/li>\n<li>W\u00e4rmepumpentechnologie mit umweltfreundlichem K\u00e4ltemittel R290<\/li>\n<\/ul>\n<\/div>\n<\/div>\n<\/div>\n<\/div>\n<\/div>\n<\/div>\n<div class=\"hgroup js-selected\" tabindex=\"0\" role=\"button\" aria-controls=\"ID-1522832282657\" aria-expanded=\"true\">\n<h3><\/h3>\n<\/div>\n<div class=\"toggle-box-inner\">\n<div id=\"ID-1522832282657\" class=\"a11y-js-overflow js-expanded\" role=\"group\" aria-expanded=\"true\">\n<div class=\"unit-items\">\n<div class=\"box type-2 data-content\">\n<div id=\"tabtree-5\" class=\"toggle-box\">\n<div class=\"hgroup js-selected\" tabindex=\"0\" role=\"button\" aria-controls=\"ID-1522832282658\" aria-expanded=\"true\">\n<h3>Allgemein<\/h3>\n<\/div>\n<div class=\"toggle-box-inner\">\n<div id=\"ID-1522832282658\" class=\"js-expanded a11y-js-overflow\" role=\"group\" aria-expanded=\"true\">\n<div class=\"unit-items\">\n<div class=\"content-block\">\n<div class=\"data-list\">\n<ul>\n<li>\n<dl>\n<dt>Abmessungen des Ger\u00e4tes (mm)<\/dt>\n<dd>842 x 597 x 599<\/dd>\n<\/dl>\n<\/li>\n<li>\n<dl>\n<dt>Ger\u00e4tetyp<\/dt>\n<dd>Kondensation<\/dd>\n<\/dl>\n<\/li>\n<li>\n<dl>\n<dt>Art der Installation<\/dt>\n<dd>Standger\u00e4t<\/dd>\n<\/dl>\n<\/li>\n<li>\n<dl>\n<dt>F\u00fcllmenge Baumwolle (kg)<\/dt>\n<dd>8,0 kg<\/dd>\n<\/dl>\n<\/li>\n<li>\n<dl>\n<dt>Energieeffizienz<\/dt>\n<dd>A+++: besonders effizient<\/dd>\n<\/dl>\n<\/li>\n<li>\n<dl>\n<dt>Programme<\/dt>\n<dd>Zusatzprogramme<\/dd>\n<\/dl>\n<\/li>\n<li>\n<dl>\n<dt>Restzeitanzeige<\/dt>\n<\/dl>\n<\/li>\n<li>\n<dl>\n<dt>Startzeitvorwahlm\u00f6glichkeiten<\/dt>\n<dd>stufenlos<\/dd>\n<\/dl>\n<\/li>\n<li>\n<dl>\n<dt>T\u00fcr\u00f6ffnung<\/dt>\n<dd>Rechts<\/dd>\n<\/dl>\n<\/li>\n<li>\n<dl>\n<dt>Innenbeleuchtung<\/dt>\n<\/dl>\n<\/li>\n<li>\n<dl>\n<dt>Arbeitsplatte abnehmbar<\/dt>\n<\/dl>\n<\/li>\n<li>\n<dl>\n<dt>L\u00e4nge Anschlusskabel (cm)<\/dt>\n<dd>145,0 cm<\/dd>\n<\/dl>\n<\/li>\n<li>\n<dl>\n<dt>Fluorierte Treibhausgase<\/dt>\n<dd>Nein<\/dd>\n<\/dl>\n<\/li>\n<li>\n<dl>\n<dt>Menge des K\u00e4ltemittels (kg)<\/dt>\n<dd>0,149 kg<\/dd>\n<\/dl>\n<\/li>\n<li>\n<dl>\n<dt>K\u00e4ltemittelart<\/dt>\n<dd>R290<\/dd>\n<\/dl>\n<\/li>\n<li>\n<dl>\n<dt>Hermetisch geschlossene Einrichtung<\/dt>\n<dd>Ja<\/dd>\n<\/dl>\n<\/li>\n<li>\n<dl>\n<dt>Menge als CO2-\u00c4quivalent (t)<\/dt>\n<dd>0,000 t<\/dd>\n<\/dl>\n<\/li>\n<li>\n<dl>\n<dt>Energieverbrauch im ausgeschalteten Modus<\/dt>\n<dd>0,10 W<\/dd>\n<\/dl>\n<\/li>\n<li>\n<dl>\n<dt>Leistungsaufnahme im unausgeschalteten Zustand (W)<\/dt>\n<dd>0,10 W<\/dd>\n<\/dl>\n<\/li>\n<li>\n<dl>\n<dt>Dauer des unausgeschalteten Zustands (min)<\/dt>\n<dd>30 min<\/dd>\n<\/dl>\n<\/li>\n<li>\n<dl>\n<dt>m\u00f6gliche Sprachen<\/dt>\n<dd>Deutsch<\/dd>\n<\/dl>\n<\/li>\n<\/ul>\n<\/div>\n<\/div>\n<\/div>\n<\/div>\n<\/div>\n<\/div>\n<\/div>\n<div class=\"box type-2 data-content\">\n<div id=\"tabtree-6\" class=\"toggle-box\">\n<div class=\"hgroup\" tabindex=\"0\" role=\"button\" aria-controls=\"ID-1522832282659\" aria-expanded=\"false\">\n<h3><\/h3>\n<\/div>\n<\/div>\n<\/div>\n<div class=\"box type-2 data-content\">\n<div id=\"tabtree-7\" class=\"toggle-box\">\n<div class=\"hgroup js-selected\" tabindex=\"0\" role=\"button\" aria-controls=\"ID-1522832282660\" aria-expanded=\"true\">\n<h3>Bauart<\/h3>\n<\/div>\n<div class=\"toggle-box-inner\">\n<div id=\"ID-1522832282660\" class=\"a11y-js-overflow js-expanded\" role=\"group\" aria-expanded=\"true\">\n<div class=\"unit-items\">\n<div class=\"content-block\">\n<div class=\"data-list\">\n<ul>\n<li>\n<dl>\n<dt>Bauform<\/dt>\n<dd>Freistehend<\/dd>\n<\/dl>\n<\/li>\n<li>\n<dl>\n<dt>T\u00fcr\u00f6ffnung<\/dt>\n<dd>Rechts<\/dd>\n<\/dl>\n<\/li>\n<li>\n<dl>\n<dt>Trommelmaterial<\/dt>\n<dd>Edelstahl<\/dd>\n<\/dl>\n<\/li>\n<li>\n<dl>\n<dt>Ger\u00e4tetyp<\/dt>\n<dd>Kondensation<\/dd>\n<\/dl>\n<\/li>\n<li>\n<dl>\n<dt>Art der Installation<\/dt>\n<dd>Standger\u00e4t<\/dd>\n<\/dl>\n<\/li>\n<li>\n<dl>\n<dt>Arbeitsplatte abnehmbar<\/dt>\n<\/dl>\n<\/li>\n<\/ul>\n<\/div>\n<\/div>\n<\/div>\n<\/div>\n<\/div>\n<\/div>\n<\/div>\n<div class=\"box type-2 data-content\">\n<div id=\"tabtree-8\" class=\"toggle-box\">\n<div class=\"hgroup js-selected\" tabindex=\"0\" role=\"button\" aria-controls=\"ID-1522832282661\" aria-expanded=\"true\">\n<h3>Gr\u00f6\u00dfe und Gewicht<\/h3>\n<\/div>\n<div class=\"toggle-box-inner\">\n<div id=\"ID-1522832282661\" class=\"a11y-js-overflow js-expanded\" role=\"group\" aria-expanded=\"true\">\n<div class=\"unit-items\">\n<div class=\"content-block\">\n<div class=\"data-list\">\n<ul>\n<li>\n<dl>\n<dt>Abmessungen des Ger\u00e4tes (mm)<\/dt>\n<dd>842 x 597 x 599<\/dd>\n<\/dl>\n<\/li>\n<li>\n<dl>\n<dt>Trommelvolumen (l)<\/dt>\n<dd>112 l<\/dd>\n<\/dl>\n<\/li>\n<li>\n<dl>\n<dt>H\u00f6he der Arbeitsplatte (mm)<\/dt>\n<dd>842 mm<\/dd>\n<\/dl>\n<\/li>\n<li>\n<dl>\n<dt>Nettogewicht (kg)<\/dt>\n<dd>55,0 kg<\/dd>\n<\/dl>\n<\/li>\n<\/ul>\n<\/div>\n<\/div>\n<\/div>\n<\/div>\n<\/div>\n<\/div>\n<\/div>\n<div class=\"box type-2 data-content\">\n<div id=\"tabtree-9\" class=\"toggle-box\">\n<div class=\"hgroup js-selected\" tabindex=\"0\" role=\"button\" aria-controls=\"ID-1522832282662\" aria-expanded=\"true\">\n<h3>Trocknen<\/h3>\n<\/div>\n<div class=\"toggle-box-inner\">\n<div id=\"ID-1522832282662\" class=\"a11y-js-overflow js-expanded\" role=\"group\" aria-expanded=\"true\">\n<div class=\"unit-items\">\n<div class=\"content-block\">\n<div class=\"data-list\">\n<ul>\n<li>\n<dl>\n<dt>Schongang<\/dt>\n<dd>Schon<\/dd>\n<\/dl>\n<\/li>\n<li>\n<dl>\n<dt>Knitterschutzzeit<\/dt>\n<dd>120 min<\/dd>\n<\/dl>\n<\/li>\n<li>\n<dl>\n<dt>Schnelltrocknung<\/dt>\n<dd>Nein<\/dd>\n<\/dl>\n<\/li>\n<li>\n<dl>\n<dt>Option \u201eSchon\u201c : trocknen f\u00fcr niedrigere Trockentemperatur w\u00e4hlbar<\/dt>\n<\/dl>\n<\/li>\n<li>\n<dl>\n<dt>Zusatzprogramme Trocknen<\/dt>\n<dd>Baumwolle, Blusen\/Hemden, Dessous, Handt\u00fccher, Kopfkissen, Mix, outdoor, Super 40, Synthetik, Wolle finish, Zeitprogramm kalt, Zeitprogramm warm<\/dd>\n<\/dl>\n<\/li>\n<\/ul>\n<\/div>\n<\/div>\n<\/div>\n<\/div>\n<\/div>\n<\/div>\n<\/div>\n<div class=\"box type-2 data-content\">\n<div id=\"tabtree-10\" class=\"toggle-box\">\n<div class=\"hgroup js-selected\" tabindex=\"0\" role=\"button\" aria-controls=\"ID-1522832282663\" aria-expanded=\"true\">\n<h3><\/h3>\n<\/div>\n<\/div>\n<\/div>\n<div class=\"box type-2 data-content\">\n<div id=\"tabtree-11\" class=\"toggle-box\">\n<div class=\"hgroup js-selected\" tabindex=\"0\" role=\"button\" aria-controls=\"ID-1522832282664\" aria-expanded=\"true\">\n<h3>Komfort<\/h3>\n<\/div>\n<div class=\"toggle-box-inner\">\n<div id=\"ID-1522832282664\" class=\"a11y-js-overflow js-expanded\" role=\"group\" aria-expanded=\"true\">\n<div class=\"unit-items\">\n<div class=\"content-block\">\n<div class=\"data-list\">\n<ul>\n<li>\n<dl>\n<dt>Trocknungszeitwahl<\/dt>\n<\/dl>\n<\/li>\n<li>\n<dl>\n<dt>Flusensieb<\/dt>\n<\/dl>\n<\/li>\n<li>\n<dl>\n<dt>Restzeitanzeige<\/dt>\n<\/dl>\n<\/li>\n<li>\n<dl>\n<dt>Anzeige Programmende<\/dt>\n<dd>akustisch<\/dd>\n<\/dl>\n<\/li>\n<li>\n<dl>\n<dt>Verflusungsanzeige<\/dt>\n<\/dl>\n<\/li>\n<li>\n<dl>\n<dt>Kontrollanzeige &#8222;Beh\u00e4lter entleeren&#8220;<\/dt>\n<\/dl>\n<\/li>\n<li>\n<dl>\n<dt>Innenbeleuchtung<\/dt>\n<\/dl>\n<\/li>\n<li>\n<dl>\n<dt>Reversierfunktion<\/dt>\n<\/dl>\n<\/li>\n<li>\n<dl>\n<dt>Startzeitvorwahlm\u00f6glichkeiten<\/dt>\n<dd>stufenlos<\/dd>\n<\/dl>\n<\/li>\n<\/ul>\n<\/div>\n<\/div>\n<\/div>\n<\/div>\n<\/div>\n<\/div>\n<\/div>\n<div class=\"box type-2 data-content\">\n<div id=\"tabtree-12\" class=\"toggle-box\">\n<div class=\"hgroup js-selected\" tabindex=\"0\" role=\"button\" aria-controls=\"ID-1522832282665\" aria-expanded=\"true\">\n<h3><\/h3>\n<\/div>\n<\/div>\n<\/div>\n<div class=\"box type-2 data-content\">\n<div id=\"tabtree-13\" class=\"toggle-box\">\n<div class=\"hgroup js-selected\" tabindex=\"0\" role=\"button\" aria-controls=\"ID-1522832282666\" aria-expanded=\"true\">\n<h3>Anschluss<\/h3>\n<\/div>\n<div class=\"toggle-box-inner\">\n<div id=\"ID-1522832282666\" class=\"a11y-js-overflow js-expanded\" role=\"group\" aria-expanded=\"true\">\n<div class=\"unit-items\">\n<div class=\"content-block\">\n<div class=\"data-list\">\n<ul>\n<li>\n<dl>\n<dt>Anschlusswert (W)<\/dt>\n<dd>1.000 W<\/dd>\n<\/dl>\n<\/li>\n<li>\n<dl>\n<dt>L\u00e4nge Anschlusskabel (cm)<\/dt>\n<dd>145,0 cm<\/dd>\n<\/dl>\n<\/li>\n<li>\n<dl>\n<dt>Absicherung (A)<\/dt>\n<dd>10 A<\/dd>\n<\/dl>\n<\/li>\n<li>\n<dl>\n<dt>Wasserablaufrohr<\/dt>\n<\/dl>\n<\/li>\n<li>\n<dl>\n<dt>Anschlussm\u00f6gl Festanschl KondAb<\/dt>\n<\/dl>\n<\/li>\n<li>\n<dl>\n<dt>Frequenz (Hz)<\/dt>\n<dd>50 Hz<\/dd>\n<\/dl>\n<\/li>\n<li>\n<dl>\n<dt>Steckerart<\/dt>\n<dd>Schuko-\/Gardy.m.Erdung<\/dd>\n<\/dl>\n<\/li>\n<li>\n<dl>\n<dt>Abluftschlauch<\/dt>\n<\/dl>\n<\/li>\n<li>\n<dl>\n<dt>Abluftaustritt<\/dt>\n<dd>Nicht zutreffend<\/dd>\n<\/dl>\n<\/li>\n<li>\n<dl>\n<dt>Spannung (V)<\/dt>\n<dd>220-240 V<\/dd>\n<\/dl>\n<\/li>\n<\/ul>\n<\/div>\n<\/div>\n<\/div>\n<\/div>\n<\/div>\n<\/div>\n<\/div>\n<\/div>\n<\/div>\n<\/div>\n<\/div>\n<\/div>\n<\/div>\n<\/div>\n<\/div>\n<p>&nbsp;<\/p>\n<p>&nbsp;<\/p>\n","protected":false},"excerpt":{"rendered":"<p>iQ500 selfCleaning condenser W\u00e4rmepumpentrockner iSensoric W\u00e4rmepumpentrockner mit Kondensator-Selbstreinigung und extrem kurzen Trocknungszeiten. &nbsp; Benutzerhandbuch\u00a0herunterladen \u2013 Siemens WT47W680 [Gebrauchsanleitung PDF]: WT47W680_DE &nbsp; &nbsp; Mit dem digitalen multiTouch LED Display l\u00e4sst sich der Trockner intuitiv und mit h\u00f6chster Pr\u00e4zision steuern. Nie wieder Kondensator reinigen und dauerhaft niedriger Energieverbrauch dank Selbstreinigungs-Automatik. A+++: trocknet besonders effizient. Sensorgesteuerte autoDry-Technologie verhindert&hellip;&nbsp;<\/p>\n","protected":false},"author":1,"featured_media":1722,"comment_status":"open","ping_status":"open","sticky":false,"template":"","format":"standard","meta":{"neve_meta_sidebar":"","neve_meta_container":"","neve_meta_enable_content_width":"","neve_meta_content_width":0,"neve_meta_title_alignment":"","neve_meta_author_avatar":"","neve_post_elements_order":"","neve_meta_disable_header":"","neve_meta_disable_footer":"","neve_meta_disable_title":"","footnotes":""},"categories":[70],"tags":[123,153,100,225,197,66,214],"class_list":["post-1721","post","type-post","status-publish","format-standard","has-post-thumbnail","hentry","category-siemens","tag-autodry","tag-iq-500","tag-kondensationstrockner","tag-selfcleaning","tag-softdry","tag-trocknen","tag-warmepumpen-trockner"],"_links":{"self":[{"href":"https:\/\/www.devicemanuals.eu\/de\/wp-json\/wp\/v2\/posts\/1721","targetHints":{"allow":["GET"]}}],"collection":[{"href":"https:\/\/www.devicemanuals.eu\/de\/wp-json\/wp\/v2\/posts"}],"about":[{"href":"https:\/\/www.devicemanuals.eu\/de\/wp-json\/wp\/v2\/types\/post"}],"author":[{"embeddable":true,"href":"https:\/\/www.devicemanuals.eu\/de\/wp-json\/wp\/v2\/users\/1"}],"replies":[{"embeddable":true,"href":"https:\/\/www.devicemanuals.eu\/de\/wp-json\/wp\/v2\/comments?post=1721"}],"version-history":[{"count":0,"href":"https:\/\/www.devicemanuals.eu\/de\/wp-json\/wp\/v2\/posts\/1721\/revisions"}],"wp:featuredmedia":[{"embeddable":true,"href":"https:\/\/www.devicemanuals.eu\/de\/wp-json\/wp\/v2\/media\/1722"}],"wp:attachment":[{"href":"https:\/\/www.devicemanuals.eu\/de\/wp-json\/wp\/v2\/media?parent=1721"}],"wp:term":[{"taxonomy":"category","embeddable":true,"href":"https:\/\/www.devicemanuals.eu\/de\/wp-json\/wp\/v2\/categories?post=1721"},{"taxonomy":"post_tag","embeddable":true,"href":"https:\/\/www.devicemanuals.eu\/de\/wp-json\/wp\/v2\/tags?post=1721"}],"curies":[{"name":"wp","href":"https:\/\/api.w.org\/{rel}","templated":true}]}}