{"id":1794,"date":"2018-08-23T07:08:39","date_gmt":"2018-08-23T06:08:39","guid":{"rendered":"http:\/\/www.devicemanuals.eu\/de\/?p=1794"},"modified":"2018-08-23T07:09:03","modified_gmt":"2018-08-23T06:09:03","slug":"warmepumpentrockner-bosch-wty887w6","status":"publish","type":"post","link":"https:\/\/www.devicemanuals.eu\/de\/warmepumpentrockner-bosch-wty887w6\/1794\/","title":{"rendered":"W\u00e4rmepumpentrockner Bosch WTY887W6"},"content":{"rendered":"<h2 class=\"a-heading\"><span class=\"fragment\">HomeProfessional<\/span> <span class=\"fragment \"> SuperSilenceEco<\/span> <span class=\"fragment \"> W\u00e4rmepumpentrockner<\/span><\/h2>\n<figure id=\"attachment_1795\" aria-describedby=\"caption-attachment-1795\" style=\"width: 300px\" class=\"wp-caption alignnone\"><a href=\"http:\/\/www.devicemanuals.eu\/de\/wp-content\/uploads\/2018\/08\/WTY887W6.jpg\"><img loading=\"lazy\" decoding=\"async\" class=\"size-medium wp-image-1795\" src=\"http:\/\/www.devicemanuals.eu\/de\/wp-content\/uploads\/2018\/08\/WTY887W6-300x169.jpg\" alt=\"Bosch WTY887W6\" width=\"300\" height=\"169\" srcset=\"https:\/\/www.devicemanuals.eu\/de\/wp-content\/uploads\/2018\/08\/WTY887W6-300x169.jpg 300w, https:\/\/www.devicemanuals.eu\/de\/wp-content\/uploads\/2018\/08\/WTY887W6-768x432.jpg 768w, https:\/\/www.devicemanuals.eu\/de\/wp-content\/uploads\/2018\/08\/WTY887W6-1024x576.jpg 1024w, https:\/\/www.devicemanuals.eu\/de\/wp-content\/uploads\/2018\/08\/WTY887W6-500x281.jpg 500w, https:\/\/www.devicemanuals.eu\/de\/wp-content\/uploads\/2018\/08\/WTY887W6.jpg 1799w\" sizes=\"auto, (max-width: 300px) 100vw, 300px\" \/><\/a><figcaption id=\"caption-attachment-1795\" class=\"wp-caption-text\">Bosch WTY887W6<\/figcaption><\/figure>\n<p>&nbsp;<\/p>\n<h3><strong>Benutzerhandbuch\u00a0herunterladen <\/strong>\u2013<\/h3>\n<h3>Bosch WTY887W6 [Gebrauchsanleitung PDF]:\u00a0<a href=\"http:\/\/www.devicemanuals.eu\/de\/wp-content\/uploads\/2018\/08\/WTY887W6-DE.pdf\">WTY887W6-DE<\/a><\/h3>\n<p>&nbsp;<\/p>\n<ul>\n<li>Energieeffizienz A+++: trocknet am sparsamsten.<\/li>\n<li>Betriebsger\u00e4usch 59 dB: trocknet \u00fcberragend leise.<\/li>\n<li>SelfCleaning Condenser\u2122: nie wieder manuell reinigen, ein Ger\u00e4teleben lang in der gleichen Energieeffizienzklasse.<\/li>\n<li>ComfortControl Plus: einfache Bedienung dank intuitiver Benutzerf\u00fchrung und vielen Programmoptionen.<\/li>\n<li>SensitiveDrying System: gleichm\u00e4\u00dfiges, sanftes Trocknen dank einzigartiger Trommelstruktur.<\/li>\n<\/ul>\n<p>&nbsp;<\/p>\n<h2 class=\"a-heading\">Technische Daten<\/h2>\n<div id=\"tech-data\" class=\"m-togglebox \" data-t-name=\"Togglebox\" data-t-id=\"153\">\n<div class=\"item \">\n<p><span class=\"text\"> Leistung und Verbrauch<\/span><\/p>\n<section id=\"997983360\" class=\"togglebox-content body is-open\">\n<ul>\n<li>Nennkapazit\u00e4t f\u00fcr das Standard-Baumwollprogramm bei vollst\u00e4ndiger Bef\u00fcllung: 9 kg Baumwollw\u00e4sche<\/li>\n<li>Trocknerart: Kondensation<\/li>\n<li>Energieeffizienzklasse: A+++ auf einer Energieeffizienzklasse-Skala von A+++ bis D<\/li>\n<li>Energieverbrauch von 194.0 kWh\/Jahr auf der Grundlage von 160 Trocknungszyklen f\u00fcr das Standard-Baumwollprogramm bei vollst\u00e4ndiger Bef\u00fcllung und Teilbef\u00fcllung sowie des Verbrauchs der Betriebsarten mit geringer Leistungsaufnahme. Der tats\u00e4chliche Energieverbrauch je Zyklus h\u00e4ngt von der Art der Nutzung des Ger\u00e4ts ab<\/li>\n<li>Energieverbrauch des Standard-Baumwollprogramms bei vollst\u00e4ndiger Bef\u00fcllung 1.57 kWh und Energieverbrauch des Standard-Baumwollprogramms bei Teilbef\u00fcllung 0.93 kWh<\/li>\n<li>Leistungsaufnahme im Aus-Zustand 0.13 W und im nichtausgeschalteten Zustand 0.13 W<\/li>\n<li>Dauer des unausgeschalteten Zustands: 30 min<\/li>\n<li>Das Programm Baumwolle schranktrocken ist das Standard-Trockenprogramm, auf die sich die Informationen auf dem Etikett und im Datenblatt beziehen. Dieses Programm ist zum Trocknen normaler nasser Baumwolltextilien geeignet und in Bezug auf den Energieverbrauch f\u00fcr Baumwolle am effizientesten.<\/li>\n<li>Gewichtete Programmdauer des Standard-Baumwollprogramms bei vollst\u00e4ndiger Bef\u00fcllung und Teilbef\u00fcllung: 199 min.<\/li>\n<li>Programmdauer des Standard-Baumwollprogramms bei vollst\u00e4ndiger Bef\u00fcllung 250 min und Programmdauer des Standard-Baumwollprogramms bei Teilbef\u00fcllung 160 min.<\/li>\n<li>Kondensationseffizienzklasse A auf einer Skala von G (geringste Effizienz) bis A (h\u00f6chste Effizienz).<\/li>\n<li>durchschnittliche Kondensationseffizienz des Standard-Baumwollprogramms bei vollst\u00e4ndiger Bef\u00fcllung 91 % und durchschnittliche Kondensationseffizienz des Standard-Baumwollprogramms bei Teilbef\u00fcllung 91 %.<\/li>\n<li>Gewichtete Kondensationseffizienz des Standard-Baumwollprogramms 91 %.<\/li>\n<li>Schalleistungspegel: 59 dB (A) re 1 pW<\/li>\n<\/ul>\n<\/section>\n<\/div>\n<div class=\"item \">\n<p><span class=\"text\"> Programme<\/span><\/p>\n<section id=\"-615166128\" class=\"togglebox-content body is-open\">\n<ul>\n<li>Spezialprogramme: Wolle finish, Mix, Handt\u00fccher, Synthetikdecken, Zeitprogramm 30 min kalt, Zeitprogramm 60 Min Warm, Zeitprogramm 30 Min. warm, Baumwolle, Pflegeleicht, Sportswear, Daunen, ExtraKurz 40&#8242;, Blusen\/Hemden, Feinw\u00e4sche<\/li>\n<\/ul>\n<\/section>\n<\/div>\n<div class=\"item \">\n<p><span class=\"text\"> Optionen<\/span><\/p>\n<section id=\"1872052522\" class=\"togglebox-content body is-open\">\n<ul>\n<li>Knitterschutz 120 min am Programmende<\/li>\n<li>TouchControl-Tasten: Knitterschutz, Fertig in, Start\/Pause, Optionen, Trockenziele, Memory 1, Memory 2, An\/Aus, Grundeinstellungen, 24 h Fertig in<\/li>\n<li>Multisignalt\u00f6ne<\/li>\n<\/ul>\n<\/section>\n<\/div>\n<div class=\"item \">\n<p><span class=\"text\"> Komfort und Sicherheit<\/span><\/p>\n<section id=\"1677682333\" class=\"togglebox-content body is-open\">\n<ul>\n<li>AntiVibration Design: mehr Stabilit\u00e4t und Laufruhe<\/li>\n<li>SelfCleaning Condenser &#8211; nie mehr Kondensator reinigen<\/li>\n<li>AutoDry: feuchtegesteuerte Trocknungsprogramme<\/li>\n<li>Sensitive Drying System: gro\u00dfe Edelstahltrommel, Mitnehmer im Softdesign<\/li>\n<li>Programmw\u00e4hler mit integriertem Ein-\/ Ausschalter<\/li>\n<li>Hochaufl\u00f6sendes TFT-Klartextdisplay f\u00fcr intuitive Bedienung<\/li>\n<li>Signal am Programmende<\/li>\n<li>Trommelinnenbeleuchtung: LED<\/li>\n<li>Kindersicherung<\/li>\n<li>Schwenkt\u00fcr, rechts angeschlagen, T\u00fcranschlag: wechselbar<\/li>\n<li>Glast\u00fcr mit Rahmen, silber-schwarzgrau<\/li>\n<li>Komfortverschluss mit<\/li>\n<li>Kondensat-Ablaufgarnitur<\/li>\n<\/ul>\n<\/section>\n<\/div>\n<div class=\"item \">\n<p><span class=\"text\"> Technische Informationen<\/span><\/p>\n<section id=\"464450815\" class=\"togglebox-content body is-open\">\n<ul>\n<li>Ger\u00e4tema\u00dfe (H x B x T): 84,2 cm x 59,8 cm x 59,9 cm<\/li>\n<li>unterschiebbar ab 85 cm Nischenh\u00f6he<\/li>\n<\/ul>\n<\/section>\n<\/div>\n<div class=\"item \">\n<p><span class=\"text\"> Alle technischen Informationen im \u00dcberblick<\/span><\/p>\n<section id=\"43979459\" class=\"togglebox-content is-open\">\n<div class=\"item \">\n<p><span class=\"text\"> Allgemein<\/span><\/p>\n<section id=\"1792847345\" class=\"togglebox-content body is-open\">\n<div class=\"m-table\" data-t-name=\"Table\" data-t-id=\"154\">\n<table class=\"table-stripes-vertical\">\n<tbody>\n<tr>\n<th class=\"left-col\">Abmessungen des Ger\u00e4tes (mm)<\/th>\n<td>842 x 598 x 599<\/td>\n<\/tr>\n<tr>\n<th class=\"left-col\">Ger\u00e4tetyp<\/th>\n<td>Kondensation<\/td>\n<\/tr>\n<tr>\n<th class=\"left-col\">Art der Installation<\/th>\n<td>Freistehend<\/td>\n<\/tr>\n<tr>\n<th class=\"left-col\">Beladungsmenge in kg<\/th>\n<td>9,0 kg<\/td>\n<\/tr>\n<tr>\n<th class=\"left-col\">Energie-Effizienz-Klasse<\/th>\n<td>A+++<\/td>\n<\/tr>\n<tr>\n<th class=\"left-col\">Programme<\/th>\n<td>Zusatzprogramme<\/td>\n<\/tr>\n<tr>\n<th class=\"left-col\">Restzeitanzeige<\/th>\n<td class=\"checked\"><\/td>\n<\/tr>\n<tr>\n<th class=\"left-col\">Startzeitvorwahlm\u00f6glichkeiten<\/th>\n<td>stufenlos<\/td>\n<\/tr>\n<tr>\n<th class=\"left-col\">T\u00fcranschlag<\/th>\n<td>Rechts<\/td>\n<\/tr>\n<tr>\n<th class=\"left-col\">Innenbeleuchtung<\/th>\n<td class=\"checked\"><\/td>\n<\/tr>\n<tr>\n<th class=\"left-col\">Arbeitsplatte abnehmbar<\/th>\n<td class=\"unchecked\"><\/td>\n<\/tr>\n<tr>\n<th class=\"left-col\">L\u00e4nge Anschlusskabel (cm)<\/th>\n<td>145,0 cm<\/td>\n<\/tr>\n<tr>\n<th class=\"left-col\">Fluorierte Treibhausgase<\/th>\n<td>Ja<\/td>\n<\/tr>\n<tr>\n<th class=\"left-col\">Menge des K\u00e4ltemittels (kg)<\/th>\n<td>0,280 kg<\/td>\n<\/tr>\n<tr>\n<th class=\"left-col\">K\u00e4ltemittelart<\/th>\n<td>R134a<\/td>\n<\/tr>\n<tr>\n<th class=\"left-col\">Hermetisch geschlossene Einrichtung<\/th>\n<td>Ja<\/td>\n<\/tr>\n<tr>\n<th class=\"left-col\">Menge als CO2-\u00c4quivalent (t)<\/th>\n<td>0,400 t<\/td>\n<\/tr>\n<tr>\n<th class=\"left-col\">Energieverbrauch im ausgeschalteten Modus<\/th>\n<td>0,13 W<\/td>\n<\/tr>\n<tr>\n<th class=\"left-col\">Leistungsaufnahme im unausgeschalteten Zustand (W)<\/th>\n<td>0,13 W<\/td>\n<\/tr>\n<tr>\n<th class=\"left-col\">Dauer des unausgeschalteten Zustands (min)<\/th>\n<td>30 min<\/td>\n<\/tr>\n<tr>\n<th class=\"left-col\">m\u00f6gliche Sprachen<\/th>\n<td>Deutsch<\/td>\n<\/tr>\n<\/tbody>\n<\/table>\n<\/div>\n<\/section>\n<\/div>\n<div class=\"item \">\n<p><span class=\"text\"> Vernetzung<\/span><\/p>\n<section id=\"-824223623\" class=\"togglebox-content body is-open\">\n<div class=\"m-table\" data-t-name=\"Table\" data-t-id=\"155\">\n<table class=\"table-stripes-vertical\">\n<tbody>\n<tr>\n<th class=\"left-col\">Home Connect: Vernetzte Hausger\u00e4te f\u00fcr einen leichteren Alltag<\/th>\n<td class=\"unchecked\"><\/td>\n<\/tr>\n<\/tbody>\n<\/table>\n<\/div>\n<\/section>\n<\/div>\n<div class=\"item \">\n<p><span class=\"text\"> Bauart<\/span><\/p>\n<section id=\"-1984304072\" class=\"togglebox-content body is-open\">\n<div class=\"m-table\" data-t-name=\"Table\" data-t-id=\"156\">\n<table class=\"table-stripes-vertical\">\n<tbody>\n<tr>\n<th class=\"left-col\">Bauform<\/th>\n<td>Freistehend<\/td>\n<\/tr>\n<tr>\n<th class=\"left-col\">T\u00fcranschlag<\/th>\n<td>Rechts<\/td>\n<\/tr>\n<tr>\n<th class=\"left-col\">Trommelmaterial<\/th>\n<td>Edelstahl<\/td>\n<\/tr>\n<tr>\n<th class=\"left-col\">Ger\u00e4tetyp<\/th>\n<td>Kondensation<\/td>\n<\/tr>\n<tr>\n<th class=\"left-col\">Art der Installation<\/th>\n<td>Freistehend<\/td>\n<\/tr>\n<tr>\n<th class=\"left-col\">Arbeitsplatte abnehmbar<\/th>\n<td class=\"unchecked\"><\/td>\n<\/tr>\n<\/tbody>\n<\/table>\n<\/div>\n<\/section>\n<\/div>\n<div class=\"item \">\n<p><span class=\"text\"> Gr\u00f6\u00dfe und Gewicht<\/span><\/p>\n<section id=\"1940346384\" class=\"togglebox-content body is-open\">\n<div class=\"m-table\" data-t-name=\"Table\" data-t-id=\"157\">\n<table class=\"table-stripes-vertical\">\n<tbody>\n<tr>\n<th class=\"left-col\">Abmessungen des Ger\u00e4tes (mm)<\/th>\n<td>842 x 598 x 599<\/td>\n<\/tr>\n<tr>\n<th class=\"left-col\">Trommelvolumen (l)<\/th>\n<td>112 l<\/td>\n<\/tr>\n<tr>\n<th class=\"left-col\">H\u00f6he der Arbeitsplatte (mm)<\/th>\n<td>842 mm<\/td>\n<\/tr>\n<tr>\n<th class=\"left-col\">Nettogewicht (kg)<\/th>\n<td>56,6 kg<\/td>\n<\/tr>\n<\/tbody>\n<\/table>\n<\/div>\n<\/section>\n<\/div>\n<div class=\"item \">\n<p><span class=\"text\"> Trocknen<\/span><\/p>\n<section id=\"-907364343\" class=\"togglebox-content body is-open\">\n<div class=\"m-table\" data-t-name=\"Table\" data-t-id=\"158\">\n<table class=\"table-stripes-vertical\">\n<tbody>\n<tr>\n<th class=\"left-col\">Knitterschutzzeit<\/th>\n<td>120 min<\/td>\n<\/tr>\n<tr>\n<th class=\"left-col\">Schnelltrocknung<\/th>\n<td>Nein<\/td>\n<\/tr>\n<tr>\n<th class=\"left-col\">Trocknungstemperatur w\u00e4hlbar<\/th>\n<td class=\"checked\"><\/td>\n<\/tr>\n<tr>\n<th class=\"left-col\">Zusatzprogramme Trocknen<\/th>\n<td>Baumwolle, Blusen\/Hemden, Daunenbekleidung, Handt\u00fccher, Mix, Sportswear, Super 40, Synthetik, Synthetikdecken, Wolle finish, Zeitprogramm 30 Min. warm, Zeitprogramm 30 min kalt, Zeitprogramm 60 Min Warm<\/td>\n<\/tr>\n<\/tbody>\n<\/table>\n<\/div>\n<\/section>\n<\/div>\n<div class=\"item \">\n<p>\u00a0 <span class=\"text\"><br \/>\n<\/span><\/p>\n<\/div>\n<div class=\"item \">\n<p><span class=\"text\"> Komfort<\/span><\/p>\n<section id=\"-1592719479\" class=\"togglebox-content body is-open\">\n<div class=\"m-table\" data-t-name=\"Table\" data-t-id=\"160\">\n<table class=\"table-stripes-vertical\">\n<tbody>\n<tr>\n<th class=\"left-col\">Trocknungszeitwahl<\/th>\n<td class=\"unchecked\"><\/td>\n<\/tr>\n<tr>\n<th class=\"left-col\">Flusensieb<\/th>\n<td class=\"checked\"><\/td>\n<\/tr>\n<tr>\n<th class=\"left-col\">Restzeitanzeige<\/th>\n<td class=\"checked\"><\/td>\n<\/tr>\n<tr>\n<th class=\"left-col\">Anzeige Programmende<\/th>\n<td>akustisch, TFT Display<\/td>\n<\/tr>\n<tr>\n<th class=\"left-col\">Verflusungsanzeige<\/th>\n<td class=\"checked\"><\/td>\n<\/tr>\n<tr>\n<th class=\"left-col\">Kontrollanzeige &#8222;Beh\u00e4lter entleeren&#8220;<\/th>\n<td class=\"checked\"><\/td>\n<\/tr>\n<tr>\n<th class=\"left-col\">Innenbeleuchtung<\/th>\n<td class=\"checked\"><\/td>\n<\/tr>\n<tr>\n<th class=\"left-col\">Reversierfunktion<\/th>\n<td class=\"unchecked\"><\/td>\n<\/tr>\n<tr>\n<th class=\"left-col\">Startzeitvorwahlm\u00f6glichkeiten<\/th>\n<td>stufenlos<\/td>\n<\/tr>\n<\/tbody>\n<\/table>\n<\/div>\n<\/section>\n<\/div>\n<div class=\"item \">\n<section id=\"-279371205\" class=\"togglebox-content body is-open\">\n<div class=\"m-table\" data-t-name=\"Table\" data-t-id=\"161\"><\/div>\n<\/section>\n<\/div>\n<div class=\"item \">\n<p><span class=\"text\"> Anschluss<\/span><\/p>\n<section id=\"-1505668247\" class=\"togglebox-content body is-open\">\n<div class=\"m-table\" data-t-name=\"Table\" data-t-id=\"162\">\n<table class=\"table-stripes-vertical\">\n<tbody>\n<tr>\n<th class=\"left-col\">Anschlusswert (W)<\/th>\n<td>1.000 W<\/td>\n<\/tr>\n<tr>\n<th class=\"left-col\">L\u00e4nge Anschlusskabel (cm)<\/th>\n<td>145,0 cm<\/td>\n<\/tr>\n<tr>\n<th class=\"left-col\">Absicherung (A)<\/th>\n<td>10 A<\/td>\n<\/tr>\n<tr>\n<th class=\"left-col\">Wasserablaufrohr<\/th>\n<td class=\"checked\"><\/td>\n<\/tr>\n<tr>\n<th class=\"left-col\">Anschlussm\u00f6gl Festanschl KondAb<\/th>\n<td class=\"checked\"><\/td>\n<\/tr>\n<tr>\n<th class=\"left-col\">Frequenz (Hz)<\/th>\n<td>50 Hz<\/td>\n<\/tr>\n<tr>\n<th class=\"left-col\">Steckerart<\/th>\n<td>Schuko-\/Gardy.m.Erdung<\/td>\n<\/tr>\n<tr>\n<th class=\"left-col\">Abluftschlauch<\/th>\n<td class=\"unchecked\"><\/td>\n<\/tr>\n<tr>\n<th class=\"left-col\">Abluftaustritt<\/th>\n<td>Nicht zutreffend<\/td>\n<\/tr>\n<tr>\n<th class=\"left-col\">Spannung (V)<\/th>\n<td>220-240 V<\/td>\n<\/tr>\n<\/tbody>\n<\/table>\n<\/div>\n<\/section>\n<\/div>\n<\/section>\n<\/div>\n<\/div>\n<p>&nbsp;<\/p>\n<p>&nbsp;<\/p>\n","protected":false},"excerpt":{"rendered":"<p>HomeProfessional SuperSilenceEco W\u00e4rmepumpentrockner &nbsp; Benutzerhandbuch\u00a0herunterladen \u2013 Bosch WTY887W6 [Gebrauchsanleitung PDF]:\u00a0WTY887W6-DE &nbsp; Energieeffizienz A+++: trocknet am sparsamsten. Betriebsger\u00e4usch 59 dB: trocknet \u00fcberragend leise. SelfCleaning Condenser\u2122: nie wieder manuell reinigen, ein Ger\u00e4teleben lang in der gleichen Energieeffizienzklasse. ComfortControl Plus: einfache Bedienung dank intuitiver Benutzerf\u00fchrung und vielen Programmoptionen. SensitiveDrying System: gleichm\u00e4\u00dfiges, sanftes Trocknen dank einzigartiger Trommelstruktur. &nbsp; Technische&hellip;&nbsp;<\/p>\n","protected":false},"author":1,"featured_media":1795,"comment_status":"open","ping_status":"open","sticky":false,"template":"","format":"standard","meta":{"neve_meta_sidebar":"","neve_meta_container":"","neve_meta_enable_content_width":"","neve_meta_content_width":0,"neve_meta_title_alignment":"","neve_meta_author_avatar":"","neve_post_elements_order":"","neve_meta_disable_header":"","neve_meta_disable_footer":"","neve_meta_disable_title":"","footnotes":""},"categories":[5],"tags":[120,225,150,66,214,98],"class_list":["post-1794","post","type-post","status-publish","format-standard","has-post-thumbnail","hentry","category-bosch","tag-homeprofessional","tag-selfcleaning","tag-supersilenceeco","tag-trocknen","tag-warmepumpen-trockner","tag-waschetrockner"],"_links":{"self":[{"href":"https:\/\/www.devicemanuals.eu\/de\/wp-json\/wp\/v2\/posts\/1794","targetHints":{"allow":["GET"]}}],"collection":[{"href":"https:\/\/www.devicemanuals.eu\/de\/wp-json\/wp\/v2\/posts"}],"about":[{"href":"https:\/\/www.devicemanuals.eu\/de\/wp-json\/wp\/v2\/types\/post"}],"author":[{"embeddable":true,"href":"https:\/\/www.devicemanuals.eu\/de\/wp-json\/wp\/v2\/users\/1"}],"replies":[{"embeddable":true,"href":"https:\/\/www.devicemanuals.eu\/de\/wp-json\/wp\/v2\/comments?post=1794"}],"version-history":[{"count":0,"href":"https:\/\/www.devicemanuals.eu\/de\/wp-json\/wp\/v2\/posts\/1794\/revisions"}],"wp:featuredmedia":[{"embeddable":true,"href":"https:\/\/www.devicemanuals.eu\/de\/wp-json\/wp\/v2\/media\/1795"}],"wp:attachment":[{"href":"https:\/\/www.devicemanuals.eu\/de\/wp-json\/wp\/v2\/media?parent=1794"}],"wp:term":[{"taxonomy":"category","embeddable":true,"href":"https:\/\/www.devicemanuals.eu\/de\/wp-json\/wp\/v2\/categories?post=1794"},{"taxonomy":"post_tag","embeddable":true,"href":"https:\/\/www.devicemanuals.eu\/de\/wp-json\/wp\/v2\/tags?post=1794"}],"curies":[{"name":"wp","href":"https:\/\/api.w.org\/{rel}","templated":true}]}}