{"id":2139,"date":"2020-03-20T08:17:32","date_gmt":"2020-03-20T07:17:32","guid":{"rendered":"https:\/\/www.devicemanuals.eu\/de\/?p=2139"},"modified":"2020-03-20T08:17:32","modified_gmt":"2020-03-20T07:17:32","slug":"kondensations-trockner-siemens-wt46g482","status":"publish","type":"post","link":"https:\/\/www.devicemanuals.eu\/de\/kondensations-trockner-siemens-wt46g482\/2139\/","title":{"rendered":"Kondensations-Trockner Siemens WT46G482"},"content":{"rendered":"<h2>IQ500 <span class=\"fragment std-header-2 \">Kondensations-Trockner<\/span> <span class=\"fragment std-header-4 \"> 9 kg<\/span><\/h2>\n<figure id=\"attachment_2140\" aria-describedby=\"caption-attachment-2140\" style=\"width: 219px\" class=\"wp-caption alignnone\"><a href=\"https:\/\/www.devicemanuals.eu\/de\/wp-content\/uploads\/2020\/03\/WT46G482.jpg\"><img loading=\"lazy\" decoding=\"async\" class=\"size-medium wp-image-2140\" src=\"https:\/\/www.devicemanuals.eu\/de\/wp-content\/uploads\/2020\/03\/WT46G482-219x300.jpg\" alt=\"Kondensations-Trockner WT46G482\" width=\"219\" height=\"300\" srcset=\"https:\/\/www.devicemanuals.eu\/de\/wp-content\/uploads\/2020\/03\/WT46G482-219x300.jpg 219w, https:\/\/www.devicemanuals.eu\/de\/wp-content\/uploads\/2020\/03\/WT46G482-746x1024.jpg 746w, https:\/\/www.devicemanuals.eu\/de\/wp-content\/uploads\/2020\/03\/WT46G482-768x1054.jpg 768w, https:\/\/www.devicemanuals.eu\/de\/wp-content\/uploads\/2020\/03\/WT46G482-1119x1536.jpg 1119w, https:\/\/www.devicemanuals.eu\/de\/wp-content\/uploads\/2020\/03\/WT46G482.jpg 1457w\" sizes=\"auto, (max-width: 219px) 100vw, 219px\" \/><\/a><figcaption id=\"caption-attachment-2140\" class=\"wp-caption-text\">Kondensations-Trockner WT46G482<\/figcaption><\/figure>\n<h3 class=\"a-heading\">Benutzerhandbuch downloaden f\u00fcr\u00a0 \u2013<br \/>\nKondensations-Trockner Siemens WT46G482 [ Gebrauchsanleitung PDF]: <a href=\"https:\/\/www.devicemanuals.eu\/de\/wp-content\/uploads\/2020\/03\/WT46G482_DE.pdf\">WT46G482_DE<\/a><\/h3>\n<p>&nbsp;<\/p>\n<h2 class=\"a-heading\">iSensoric Kondensationstrockner mit autoDry-Technologie zur Verhinderung des Einlaufens der W\u00e4sche beim Trocknen.<\/h2>\n<div class=\"a-morecontenttogglelink\" data-t-name=\"MoreContentToggleLink\" data-is-visible-tablet=\"true\" data-is-visible-mobile=\"true\" data-t-id=\"115\">\n<div class=\"content containerexpandable-togglelink is-open\">\n<ul>\n<li>40-Minuten-Schnelltrockenprogramm (super40).<\/li>\n<li>Sensorgesteuerte autoDry-Technologie verhindert Einlaufen der W\u00e4sche beim Trocknen.<\/li>\n<li>Besonders gro\u00dfes Fassungsverm\u00f6gen von bis zu 9 kg.<\/li>\n<li>drumLight f\u00fcr eine perfekte Ausleuchtung des Trommel-Innenraums.<\/li>\n<li>Outdoor-Programm zur schonenden Trocknung von Funktionstextilien f\u00fcr Sport- und Outdoor-Aktivit\u00e4ten.<\/li>\n<\/ul>\n<\/div>\n<\/div>\n<p><span class=\"text\">Alle technischen Informationen im \u00dcberblick<\/span><\/p>\n<section id=\"43979459\" class=\"togglebox-content is-open\">\n<div class=\"item \">\n<p><span class=\"text\"> Allgemein<\/span><\/p>\n<section id=\"1792847345\" class=\"togglebox-content body is-open\">\n<div class=\"m-table\" data-t-name=\"Table\" data-t-id=\"150\">\n<table class=\"table-stripes-vertical\">\n<tbody>\n<tr>\n<th class=\"left-col\">Abmessungen des Ger\u00e4tes (mm)<\/th>\n<td>842 x 598 x 599<\/td>\n<\/tr>\n<tr>\n<th class=\"left-col\">Ger\u00e4tetyp<\/th>\n<td>Kondensation<\/td>\n<\/tr>\n<tr>\n<th class=\"left-col\">Art der Installation<\/th>\n<td>Freistehend<\/td>\n<\/tr>\n<tr>\n<th class=\"left-col\">Beladungsmenge (kg)<\/th>\n<td>9,0 kg<\/td>\n<\/tr>\n<tr>\n<th class=\"left-col\">Energie-Effizienzklasse<\/th>\n<td>B<\/td>\n<\/tr>\n<tr>\n<th class=\"left-col\">Restzeitanzeige<\/th>\n<td class=\"checked\"><\/td>\n<\/tr>\n<tr>\n<th class=\"left-col\">Startzeitvorwahlm\u00f6glichkeiten<\/th>\n<td>stufenlos<\/td>\n<\/tr>\n<tr>\n<th class=\"left-col\">T\u00fcr\u00f6ffnung<\/th>\n<td>Rechts<\/td>\n<\/tr>\n<tr>\n<th class=\"left-col\">Innenbeleuchtung<\/th>\n<td class=\"checked\"><\/td>\n<\/tr>\n<tr>\n<th class=\"left-col\">Arbeitsplatte abnehmbar<\/th>\n<td class=\"unchecked\"><\/td>\n<\/tr>\n<tr>\n<th class=\"left-col\">L\u00e4nge Anschlusskabel (cm)<\/th>\n<td>145,0 cm<\/td>\n<\/tr>\n<tr>\n<th class=\"left-col\">Energieverbrauch im ausgeschalteten Modus<\/th>\n<td>0,10 W<\/td>\n<\/tr>\n<tr>\n<th class=\"left-col\">Leistungsaufnahme im unausgeschalteten Zustand (W)<\/th>\n<td>0,75 W<\/td>\n<\/tr>\n<tr>\n<th class=\"left-col\">m\u00f6gliche Sprachen<\/th>\n<td>Deutsch<\/td>\n<\/tr>\n<\/tbody>\n<\/table>\n<\/div>\n<\/section>\n<\/div>\n<div class=\"item \">\n<section id=\"-824223623\" class=\"togglebox-content body is-open\">\n<div class=\"m-table\" data-t-name=\"Table\" data-t-id=\"151\">\n<table class=\"table-stripes-vertical\">\n<tbody>\n<tr>\n<th class=\"left-col\"><\/th>\n<td class=\"unchecked\"><\/td>\n<\/tr>\n<\/tbody>\n<\/table>\n<\/div>\n<\/section>\n<\/div>\n<div class=\"item \">\n<p><span class=\"text\"> Bauart<\/span><\/p>\n<section id=\"-1984304072\" class=\"togglebox-content body is-open\">\n<div class=\"m-table\" data-t-name=\"Table\" data-t-id=\"152\">\n<table class=\"table-stripes-vertical\">\n<tbody>\n<tr>\n<th class=\"left-col\">Bauform<\/th>\n<td>Freistehend<\/td>\n<\/tr>\n<tr>\n<th class=\"left-col\">T\u00fcr\u00f6ffnung<\/th>\n<td>Rechts<\/td>\n<\/tr>\n<tr>\n<th class=\"left-col\">Trommelmaterial<\/th>\n<td>Edelstahl<\/td>\n<\/tr>\n<tr>\n<th class=\"left-col\">Ger\u00e4tetyp<\/th>\n<td>Kondensation<\/td>\n<\/tr>\n<tr>\n<th class=\"left-col\">Art der Installation<\/th>\n<td>Freistehend<\/td>\n<\/tr>\n<tr>\n<th class=\"left-col\">Arbeitsplatte abnehmbar<\/th>\n<td class=\"unchecked\"><\/td>\n<\/tr>\n<\/tbody>\n<\/table>\n<\/div>\n<\/section>\n<\/div>\n<div class=\"item \">\n<p><span class=\"text\"> Gr\u00f6\u00dfe und Gewicht<\/span><\/p>\n<section id=\"1940346384\" class=\"togglebox-content body is-open\">\n<div class=\"m-table\" data-t-name=\"Table\" data-t-id=\"153\">\n<table class=\"table-stripes-vertical\">\n<tbody>\n<tr>\n<th class=\"left-col\">Abmessungen des Ger\u00e4tes (mm)<\/th>\n<td>842 x 598 x 599<\/td>\n<\/tr>\n<tr>\n<th class=\"left-col\">Trommelvolumen (l)<\/th>\n<td>112 l<\/td>\n<\/tr>\n<tr>\n<th class=\"left-col\">H\u00f6he der Arbeitsplatte (mm)<\/th>\n<td>842 mm<\/td>\n<\/tr>\n<tr>\n<th class=\"left-col\">Nettogewicht (kg)<\/th>\n<td>41,293 kg<\/td>\n<\/tr>\n<\/tbody>\n<\/table>\n<\/div>\n<\/section>\n<\/div>\n<div class=\"item \">\n<p><span class=\"text\"> Trocknen<\/span><\/p>\n<section id=\"-907364343\" class=\"togglebox-content body is-open\">\n<div class=\"m-table\" data-t-name=\"Table\" data-t-id=\"154\">\n<table class=\"table-stripes-vertical\">\n<tbody>\n<tr>\n<th class=\"left-col\">Knitterschutz<\/th>\n<td>Knitterschutz<\/td>\n<\/tr>\n<tr>\n<th class=\"left-col\">Schongang<\/th>\n<td>Schon<\/td>\n<\/tr>\n<tr>\n<th class=\"left-col\">Knitterschutzzeit<\/th>\n<td>120 min<\/td>\n<\/tr>\n<tr>\n<th class=\"left-col\">Schnelltrocknung<\/th>\n<td>Nein<\/td>\n<\/tr>\n<tr>\n<th class=\"left-col\">Trocknungstemperatur w\u00e4hlbar<\/th>\n<td class=\"checked\"><\/td>\n<\/tr>\n<tr>\n<th class=\"left-col\">Zusatzprogramme Trocknen<\/th>\n<td>Mix, outdoor, Wolle finish<\/td>\n<\/tr>\n<\/tbody>\n<\/table>\n<\/div>\n<\/section>\n<\/div>\n<div class=\"item \">\n<section id=\"1508768579\" class=\"togglebox-content body is-open\">\n<div class=\"m-table\" data-t-name=\"Table\" data-t-id=\"155\"><\/div>\n<\/section>\n<\/div>\n<div class=\"item \">\n<p><span class=\"text\"> Komfort<\/span><\/p>\n<section id=\"-1592719479\" class=\"togglebox-content body is-open\">\n<div class=\"m-table\" data-t-name=\"Table\" data-t-id=\"156\">\n<table class=\"table-stripes-vertical\">\n<tbody>\n<tr>\n<th class=\"left-col\">Trocknungszeitwahl<\/th>\n<td class=\"unchecked\"><\/td>\n<\/tr>\n<tr>\n<th class=\"left-col\">Flusensieb<\/th>\n<td class=\"checked\"><\/td>\n<\/tr>\n<tr>\n<th class=\"left-col\">Restzeitanzeige<\/th>\n<td class=\"checked\"><\/td>\n<\/tr>\n<tr>\n<th class=\"left-col\">Anzeige Programmende<\/th>\n<td>akustisch, LED-Display<\/td>\n<\/tr>\n<tr>\n<th class=\"left-col\">Verflusungsanzeige<\/th>\n<td class=\"checked\"><\/td>\n<\/tr>\n<tr>\n<th class=\"left-col\">Kontrollanzeige &#8222;Beh\u00e4lter entleeren&#8220;<\/th>\n<td class=\"unchecked\"><\/td>\n<\/tr>\n<tr>\n<th class=\"left-col\">Innenbeleuchtung<\/th>\n<td class=\"checked\"><\/td>\n<\/tr>\n<tr>\n<th class=\"left-col\">Reversierfunktion<\/th>\n<td class=\"unchecked\"><\/td>\n<\/tr>\n<tr>\n<th class=\"left-col\">Startzeitvorwahlm\u00f6glichkeiten<\/th>\n<td>stufenlos<\/td>\n<\/tr>\n<\/tbody>\n<\/table>\n<\/div>\n<\/section>\n<\/div>\n<div class=\"item \">\n<section id=\"-279371205\" class=\"togglebox-content body is-open\">\n<div class=\"m-table\" data-t-name=\"Table\" data-t-id=\"157\"><\/div>\n<\/section>\n<\/div>\n<div class=\"item \">\n<p><span class=\"text\"> Anschluss<\/span><\/p>\n<section id=\"-1505668247\" class=\"togglebox-content body is-open\">\n<div class=\"m-table\" data-t-name=\"Table\" data-t-id=\"158\">\n<table class=\"table-stripes-vertical\">\n<tbody>\n<tr>\n<th class=\"left-col\">Anschlusswert (W)<\/th>\n<td>2.600 W<\/td>\n<\/tr>\n<tr>\n<th class=\"left-col\">L\u00e4nge Anschlusskabel (cm)<\/th>\n<td>145,0 cm<\/td>\n<\/tr>\n<tr>\n<th class=\"left-col\">Absicherung (A)<\/th>\n<td>13\/10 A<\/td>\n<\/tr>\n<tr>\n<th class=\"left-col\">Kondenswasser-Ablaufschlauch<\/th>\n<td class=\"checked\"><\/td>\n<\/tr>\n<tr>\n<th class=\"left-col\">Anschlussm\u00f6gl Festanschl KondAb<\/th>\n<td class=\"unchecked\"><\/td>\n<\/tr>\n<tr>\n<th class=\"left-col\">Frequenz (Hz)<\/th>\n<td>50 Hz<\/td>\n<\/tr>\n<tr>\n<th class=\"left-col\">Steckerart<\/th>\n<td>Schuko-\/Gardy.m.Erdung<\/td>\n<\/tr>\n<tr>\n<th class=\"left-col\">Abluftschlauch<\/th>\n<td class=\"unchecked\"><\/td>\n<\/tr>\n<tr>\n<th class=\"left-col\">Abluftaustritt<\/th>\n<td>Nicht zutreffend<\/td>\n<\/tr>\n<tr>\n<th class=\"left-col\">Spannung (V)<\/th>\n<td>220-240 V<\/td>\n<\/tr>\n<\/tbody>\n<\/table>\n<\/div>\n<\/section>\n<\/div>\n<\/section>\n<p>&nbsp;<\/p>\n<p>&nbsp;<\/p>\n","protected":false},"excerpt":{"rendered":"<p>IQ500 Kondensations-Trockner 9 kg Benutzerhandbuch downloaden f\u00fcr\u00a0 \u2013 Kondensations-Trockner Siemens WT46G482 [ Gebrauchsanleitung PDF]: WT46G482_DE &nbsp; iSensoric Kondensationstrockner mit autoDry-Technologie zur Verhinderung des Einlaufens der W\u00e4sche beim Trocknen. 40-Minuten-Schnelltrockenprogramm (super40). Sensorgesteuerte autoDry-Technologie verhindert Einlaufen der W\u00e4sche beim Trocknen. Besonders gro\u00dfes Fassungsverm\u00f6gen von bis zu 9 kg. drumLight f\u00fcr eine perfekte Ausleuchtung des Trommel-Innenraums. Outdoor-Programm zur&hellip;&nbsp;<\/p>\n","protected":false},"author":1,"featured_media":2140,"comment_status":"open","ping_status":"open","sticky":false,"template":"","format":"standard","meta":{"neve_meta_sidebar":"","neve_meta_container":"","neve_meta_enable_content_width":"","neve_meta_content_width":0,"neve_meta_title_alignment":"","neve_meta_author_avatar":"","neve_post_elements_order":"","neve_meta_disable_header":"","neve_meta_disable_footer":"","neve_meta_disable_title":"","footnotes":""},"categories":[70],"tags":[123,153,167,100,66],"class_list":["post-2139","post","type-post","status-publish","format-standard","has-post-thumbnail","hentry","category-siemens","tag-autodry","tag-iq-500","tag-isensoric","tag-kondensationstrockner","tag-trocknen"],"_links":{"self":[{"href":"https:\/\/www.devicemanuals.eu\/de\/wp-json\/wp\/v2\/posts\/2139","targetHints":{"allow":["GET"]}}],"collection":[{"href":"https:\/\/www.devicemanuals.eu\/de\/wp-json\/wp\/v2\/posts"}],"about":[{"href":"https:\/\/www.devicemanuals.eu\/de\/wp-json\/wp\/v2\/types\/post"}],"author":[{"embeddable":true,"href":"https:\/\/www.devicemanuals.eu\/de\/wp-json\/wp\/v2\/users\/1"}],"replies":[{"embeddable":true,"href":"https:\/\/www.devicemanuals.eu\/de\/wp-json\/wp\/v2\/comments?post=2139"}],"version-history":[{"count":0,"href":"https:\/\/www.devicemanuals.eu\/de\/wp-json\/wp\/v2\/posts\/2139\/revisions"}],"wp:featuredmedia":[{"embeddable":true,"href":"https:\/\/www.devicemanuals.eu\/de\/wp-json\/wp\/v2\/media\/2140"}],"wp:attachment":[{"href":"https:\/\/www.devicemanuals.eu\/de\/wp-json\/wp\/v2\/media?parent=2139"}],"wp:term":[{"taxonomy":"category","embeddable":true,"href":"https:\/\/www.devicemanuals.eu\/de\/wp-json\/wp\/v2\/categories?post=2139"},{"taxonomy":"post_tag","embeddable":true,"href":"https:\/\/www.devicemanuals.eu\/de\/wp-json\/wp\/v2\/tags?post=2139"}],"curies":[{"name":"wp","href":"https:\/\/api.w.org\/{rel}","templated":true}]}}