{"id":26,"date":"2012-03-23T12:44:43","date_gmt":"2012-03-23T12:44:43","guid":{"rendered":"http:\/\/www.devicemanuals.eu\/de\/?p=26"},"modified":"2015-06-12T09:18:17","modified_gmt":"2015-06-12T08:18:17","slug":"waschmaschine-way32790-way28790","status":"publish","type":"post","link":"https:\/\/www.devicemanuals.eu\/de\/waschmaschine-way32790-way28790\/26\/","title":{"rendered":"Waschmaschine WAY32790, WAY28790"},"content":{"rendered":"<h2>Bosch HomeProfessional Waschvollautomat WAY32790<\/h2>\n<p><img loading=\"lazy\" decoding=\"async\" class=\"alignnone\" title=\"WAY32790\" src=\"http:\/\/media2.bosch-home.com\/Files\/Bosch\/De\/de\/ProductFiles\/ProductImages\/EpsImages\/MCSA052921_WAY32790_def.eps?AntiCropWidth=400&amp;AntiCropHeight=330\" alt=\"\" width=\"400\" height=\"330\" \/><\/p>\n<p><strong>Anleitung zum Herunterladen im PDF-Format<\/strong>: <a href=\"http:\/\/www.devicemanuals.eu\/de\/wp-content\/uploads\/2012\/03\/WAY32790.pdf\">WAY32790<\/a><\/p>\n<div>\n<h3>Technische Daten<\/h3>\n<div>\n<div id=\"ctl00_TechnicalSpecifications1_pnlTechnicalSpecifications\">\n<table summary=\"Allgemeine Eigenschaften\" cellspacing=\"0\" cellpadding=\"0\">\n<thead>\n<tr>\n<th>Allgemeine Eigenschaften<\/th>\n<th><\/th>\n<\/tr>\n<\/thead>\n<tbody>\n<tr>\n<td>EAN-Nummer<\/td>\n<td>4.242.002.688.077<\/td>\n<\/tr>\n<tr>\n<td>Abmessungen des Ger\u00e4tes<\/td>\n<td>850 x 600 x 590 mm<\/td>\n<\/tr>\n<tr>\n<td>Schleuderdrehzahl Wahl von&#8230;.bis<\/td>\n<td>Variabel<\/td>\n<\/tr>\n<tr>\n<td>Material Laugenbeh\u00e4lter<\/td>\n<td>Kunststoff<\/td>\n<\/tr>\n<tr>\n<td>Anzeigeart Programmende<\/td>\n<td>, akustisch<\/td>\n<\/tr>\n<tr>\n<td>Beladungssensor<\/td>\n<td>Ja<\/td>\n<\/tr>\n<tr>\n<td>H\u00f6he f\u00fcr Unterbau<\/td>\n<td>850,00 mm<\/td>\n<\/tr>\n<tr>\n<td>H\u00f6he verstellbar um<\/td>\n<td>1,20 cm<\/td>\n<\/tr>\n<tr>\n<td>Sp\u00fclsensor<\/td>\n<td>Ja<\/td>\n<\/tr>\n<tr>\n<td>Tiefe bei ge\u00f6ffneter T\u00fcr (90\u00b0)<\/td>\n<td>108,00 cm<\/td>\n<\/tr>\n<tr>\n<td>Ger\u00e4tetiefe mit Wandabstand<\/td>\n<td>59 cm<\/td>\n<\/tr>\n<\/tbody>\n<\/table>\n<table summary=\"Energieeffizienz\" cellspacing=\"0\" cellpadding=\"0\">\n<thead>\n<tr>\n<th>Energieeffizienz<\/th>\n<th><\/th>\n<\/tr>\n<\/thead>\n<tbody>\n<tr>\n<td>Energieeffizienzklasse &#8211; neu (2010\/30\/EC)<\/td>\n<td>A+++<\/td>\n<\/tr>\n<tr>\n<td>J\u00e4hrliche Energieverbrauch (kWh\/annum) &#8211; neu (2010\/30\/EC)<\/td>\n<td>189 kWh\/annum<\/td>\n<\/tr>\n<tr>\n<td>Leistungsaufnahme im Aus-Zustand &#8211; neu (2010\/30\/EC) (W)<\/td>\n<td>0,05 W<\/td>\n<\/tr>\n<tr>\n<td>Leistungsaufnahme im unausgeschalteten Zustand &#8211; neu (2010\/30\/EC) (W)<\/td>\n<td>0,05 W<\/td>\n<\/tr>\n<\/tbody>\n<\/table>\n<table summary=\"Ausstattung\" cellspacing=\"0\" cellpadding=\"0\">\n<thead>\n<tr>\n<th>Ausstattung<\/th>\n<th><\/th>\n<\/tr>\n<\/thead>\n<tbody>\n<tr>\n<td>Wassersicherheitssystem<\/td>\n<td>Aquastop<\/td>\n<\/tr>\n<tr>\n<td>Kaltw\u00e4sche m\u00f6glich<\/td>\n<td>Ja<\/td>\n<\/tr>\n<tr>\n<td>Programmablaufanzeige<\/td>\n<td>TFT Display<\/td>\n<\/tr>\n<tr>\n<td>Restzeitanzeige<\/td>\n<td>Ja<\/td>\n<\/tr>\n<tr>\n<td>Startzeitvorwahlm\u00f6glichkeiten<\/td>\n<td>stufenlos<\/td>\n<\/tr>\n<tr>\n<td>Startzeitvorwahl max. (h)<\/td>\n<td>24 h<\/td>\n<\/tr>\n<tr>\n<td>Schleuder aus<\/td>\n<td>Ja<\/td>\n<\/tr>\n<tr>\n<td>Schaumerkennung<\/td>\n<td>Ja<\/td>\n<\/tr>\n<tr>\n<td>Unwuchtkontrolle<\/td>\n<td>Ja<\/td>\n<\/tr>\n<tr>\n<td>Programme<\/td>\n<td>Programm Feinw\u00e4sche, Programm Koch-Buntw\u00e4sche, Programm Pflegeleicht, Programm Wolle Handwaesche<\/td>\n<\/tr>\n<tr>\n<td>Weitere Bedienungsm\u00f6glichkeiten<\/td>\n<td>Beladungsmessung, Fleckentabelle<\/td>\n<\/tr>\n<tr>\n<td>Knitterschutzsystem<\/td>\n<td>Knitterschutz am Programmende<\/td>\n<\/tr>\n<tr>\n<td>Kalt-\/Warmwasseranschluss?<\/td>\n<td>Nein<\/td>\n<\/tr>\n<tr>\n<td>Wasser plus<\/td>\n<td>Nein<\/td>\n<\/tr>\n<tr>\n<td>Zusatzprogramme Waschen und Tasten<\/td>\n<td>, , , , Abpumpen, Daunen, dunkle W\u00e4sche, EcoPerfect, Ein, Extra Schnell 15 min, Extra Sp\u00fclen\/St\u00e4rken, Fleckenwahl, Gardinen 30\u00b0C, Hemden, Schleudern, Schnell \/ Mix, Schonschleudern, SpeedPerfect, Sport\/Fitness, Start\/Pause, Temperaturwahl, w\u00e4hlbare Drehzahl, Zeitvorwahl<\/td>\n<\/tr>\n<\/tbody>\n<\/table>\n<table summary=\"Allgemeines\" cellspacing=\"0\" cellpadding=\"0\">\n<thead>\n<tr>\n<th>Allgemeines<\/th>\n<th><\/th>\n<\/tr>\n<\/thead>\n<tbody>\n<tr>\n<td>Produktgruppe<\/td>\n<td>Waschmaschine<\/td>\n<\/tr>\n<tr>\n<td>Internationale Bestellbezeichnung<\/td>\n<td>WAY32790<\/td>\n<\/tr>\n<tr>\n<td>Arbeitsplatte abnehmbar<\/td>\n<td>Nein<\/td>\n<\/tr>\n<tr>\n<td>Ger\u00e4teart<\/td>\n<td>Frontlader<\/td>\n<\/tr>\n<\/tbody>\n<\/table>\n<table summary=\"Ger\u00e4teabmessungen\/Gewicht\" cellspacing=\"0\" cellpadding=\"0\">\n<thead>\n<tr>\n<th>Ger\u00e4teabmessungen\/Gewicht<\/th>\n<th><\/th>\n<\/tr>\n<\/thead>\n<tbody>\n<tr>\n<td>Ger\u00e4teh\u00f6he (mm)<\/td>\n<td>850 mm<\/td>\n<\/tr>\n<tr>\n<td>Nettogewicht (kg)<\/td>\n<td>81,000 kg<\/td>\n<\/tr>\n<tr>\n<td>Ger\u00e4tebreite (mm)<\/td>\n<td>600 mm<\/td>\n<\/tr>\n<tr>\n<td>Ger\u00e4tetiefe (mm)<\/td>\n<td>590 mm<\/td>\n<\/tr>\n<tr>\n<td>Trommelvolumen (l)<\/td>\n<td>65 l<\/td>\n<\/tr>\n<\/tbody>\n<\/table>\n<table summary=\"Technische Informationen\" cellspacing=\"0\" cellpadding=\"0\">\n<thead>\n<tr>\n<th>Technische Informationen<\/th>\n<th><\/th>\n<\/tr>\n<\/thead>\n<tbody>\n<tr>\n<td>T\u00fcranschlag<\/td>\n<td>links<\/td>\n<\/tr>\n<tr>\n<td>Anschlusswert (W)<\/td>\n<td>2300 W<\/td>\n<\/tr>\n<tr>\n<td>Absicherung (A)<\/td>\n<td>10 A<\/td>\n<\/tr>\n<tr>\n<td>Spannung (V)<\/td>\n<td>220-240 V<\/td>\n<\/tr>\n<tr>\n<td>Frequenz (Hz)<\/td>\n<td>50 Hz<\/td>\n<\/tr>\n<tr>\n<td>L\u00e4nge Netzkabel (cm)<\/td>\n<td>175,0 cm<\/td>\n<\/tr>\n<tr>\n<td>Schallleistung Waschen dB(A) re 1 pW<\/td>\n<td>49 dB (A)<\/td>\n<\/tr>\n<tr>\n<td>Schallleistung Schleudern dB(A) re 1 pW<\/td>\n<td>72 dB (A)<\/td>\n<\/tr>\n<tr>\n<td>Hintere F\u00fc\u00dfe von vorn verstellbar<\/td>\n<td>Ja &#8211; nur vorne<\/td>\n<\/tr>\n<tr>\n<td>H\u00f6henverstellung F\u00fc\u00dfe maximal (mm)<\/td>\n<td>12 mm<\/td>\n<\/tr>\n<tr>\n<td>L\u00e4nge Zulaufschlauch<\/td>\n<td>150,00 cm<\/td>\n<\/tr>\n<tr>\n<td>L\u00e4nge Ablaufschlauch<\/td>\n<td>150,00 cm<\/td>\n<\/tr>\n<tr>\n<td>F\u00fcllmenge Baumwolle (kg) &#8211; neu (2010\/30\/EC)<\/td>\n<td>8,0 kg<\/td>\n<\/tr>\n<tr>\n<td>J\u00e4hrliche Wasserverbrauch (l\/annum) &#8211; neu (2010\/30\/EC)<\/td>\n<td>10.500 l\/annum<\/td>\n<\/tr>\n<tr>\n<td>Maximale Schleuderdrehzahl (rpm) &#8211; neu (2010\/30\/EC)<\/td>\n<td>1.600 rpm<\/td>\n<\/tr>\n<tr>\n<td>Durchschn. Waschzeit Baumwolle 60\u00b0C (volle Beladung) min &#8211; neu (2010\/30\/EC)<\/td>\n<td>205 min<\/td>\n<\/tr>\n<tr>\n<td>Durchschn. Waschzeit Baumwolle 60\u00b0C (Teilbeladung) min &#8211; neu (2010\/30\/EC)<\/td>\n<td>170 min<\/td>\n<\/tr>\n<tr>\n<td>Durchschn. Waschzeit Baumwolle 40\u00b0C (Teilbeladung) min &#8211; neu (2010\/30\/EC)<\/td>\n<td>170 min<\/td>\n<\/tr>\n<tr>\n<td>Dauer des unausgeschalteten Zustands &#8211; neu (2010\/30\/EC)<\/td>\n<td>15 min<\/td>\n<\/tr>\n<tr>\n<td>Restfeuchte % f\u00fcr trockene Ladung nach max. Schleudern &#8211; neu (2010\/30\/EC)<\/td>\n<td>47 %<\/td>\n<\/tr>\n<tr>\n<td>Waschwirkungsklasse &#8211; neu (2010\/30\/EC)<\/td>\n<td>A<\/td>\n<\/tr>\n<tr>\n<td>Schleuderwirkungsklasse<\/td>\n<td>A<\/td>\n<\/tr>\n<\/tbody>\n<\/table>\n<table summary=\"Farben\" cellspacing=\"0\" cellpadding=\"0\">\n<thead>\n<tr>\n<th>Farben<\/th>\n<th><\/th>\n<\/tr>\n<\/thead>\n<tbody>\n<tr>\n<td>Blendenfarbe<\/td>\n<td>wei\u00df<\/td>\n<\/tr>\n<tr>\n<td>Geh\u00e4usefarbe\/-material<\/td>\n<td>wei\u00df<\/td>\n<\/tr>\n<tr>\n<td>Ger\u00e4tefarbe<\/td>\n<td>wei\u00df<\/td>\n<\/tr>\n<tr>\n<td>Trommelmaterial<\/td>\n<td>Edelstahl<\/td>\n<\/tr>\n<\/tbody>\n<\/table>\n<\/div>\n<\/div>\n<\/div>\n<p>&#8211;<\/p>\n<p>&nbsp;<\/p>\n","protected":false},"excerpt":{"rendered":"<p>Bosch HomeProfessional Waschvollautomat WAY32790 Anleitung zum Herunterladen im PDF-Format: WAY32790 Technische Daten Allgemeine Eigenschaften EAN-Nummer 4.242.002.688.077 Abmessungen des Ger\u00e4tes 850 x 600 x 590 mm Schleuderdrehzahl Wahl von&#8230;.bis Variabel Material Laugenbeh\u00e4lter Kunststoff Anzeigeart Programmende , akustisch Beladungssensor Ja H\u00f6he f\u00fcr Unterbau 850,00 mm H\u00f6he verstellbar um 1,20 cm Sp\u00fclsensor Ja Tiefe bei ge\u00f6ffneter T\u00fcr (90\u00b0)&hellip;&nbsp;<\/p>\n","protected":false},"author":1,"featured_media":0,"comment_status":"open","ping_status":"open","sticky":false,"template":"","format":"standard","meta":{"neve_meta_sidebar":"","neve_meta_container":"","neve_meta_enable_content_width":"","neve_meta_content_width":0,"neve_meta_title_alignment":"","neve_meta_author_avatar":"","neve_post_elements_order":"","neve_meta_disable_header":"","neve_meta_disable_footer":"","neve_meta_disable_title":"","footnotes":""},"categories":[5],"tags":[6,7],"class_list":["post-26","post","type-post","status-publish","format-standard","hentry","category-bosch","tag-bosch-2","tag-waschmaschine"],"_links":{"self":[{"href":"https:\/\/www.devicemanuals.eu\/de\/wp-json\/wp\/v2\/posts\/26","targetHints":{"allow":["GET"]}}],"collection":[{"href":"https:\/\/www.devicemanuals.eu\/de\/wp-json\/wp\/v2\/posts"}],"about":[{"href":"https:\/\/www.devicemanuals.eu\/de\/wp-json\/wp\/v2\/types\/post"}],"author":[{"embeddable":true,"href":"https:\/\/www.devicemanuals.eu\/de\/wp-json\/wp\/v2\/users\/1"}],"replies":[{"embeddable":true,"href":"https:\/\/www.devicemanuals.eu\/de\/wp-json\/wp\/v2\/comments?post=26"}],"version-history":[{"count":0,"href":"https:\/\/www.devicemanuals.eu\/de\/wp-json\/wp\/v2\/posts\/26\/revisions"}],"wp:attachment":[{"href":"https:\/\/www.devicemanuals.eu\/de\/wp-json\/wp\/v2\/media?parent=26"}],"wp:term":[{"taxonomy":"category","embeddable":true,"href":"https:\/\/www.devicemanuals.eu\/de\/wp-json\/wp\/v2\/categories?post=26"},{"taxonomy":"post_tag","embeddable":true,"href":"https:\/\/www.devicemanuals.eu\/de\/wp-json\/wp\/v2\/tags?post=26"}],"curies":[{"name":"wp","href":"https:\/\/api.w.org\/{rel}","templated":true}]}}