{"id":2738,"date":"2022-08-29T14:10:48","date_gmt":"2022-08-29T13:10:48","guid":{"rendered":"https:\/\/www.devicemanuals.eu\/de\/?p=2738"},"modified":"2022-08-29T14:10:48","modified_gmt":"2022-08-29T13:10:48","slug":"geschirrspuler-bosch-spv6ymx11e","status":"publish","type":"post","link":"https:\/\/www.devicemanuals.eu\/de\/geschirrspuler-bosch-spv6ymx11e\/2738\/","title":{"rendered":"Geschirrsp\u00fcler Bosch SPV6YMX11E"},"content":{"rendered":"<h2 class=\"a-heading\"><span class=\"fragment std-header-1\">Serie 6<\/span> <span class=\"fragment std-header-2 \"> Vollintegrierter Geschirrsp\u00fcler<\/span> <span class=\"fragment std-header-4 \"> 45 cm<\/span><\/h2>\n<figure id=\"attachment_2739\" aria-describedby=\"caption-attachment-2739\" style=\"width: 286px\" class=\"wp-caption alignnone\"><a href=\"https:\/\/www.devicemanuals.eu\/de\/wp-content\/uploads\/2022\/08\/SPV6YMX11E.png\"><img loading=\"lazy\" decoding=\"async\" class=\"size-medium wp-image-2739\" src=\"https:\/\/www.devicemanuals.eu\/de\/wp-content\/uploads\/2022\/08\/SPV6YMX11E-286x300.png\" alt=\"Bosch SPV6YMX11E\" width=\"286\" height=\"300\" srcset=\"https:\/\/www.devicemanuals.eu\/de\/wp-content\/uploads\/2022\/08\/SPV6YMX11E-286x300.png 286w, https:\/\/www.devicemanuals.eu\/de\/wp-content\/uploads\/2022\/08\/SPV6YMX11E.png 599w\" sizes=\"auto, (max-width: 286px) 100vw, 286px\" \/><\/a><figcaption id=\"caption-attachment-2739\" class=\"wp-caption-text\">Bosch SPV6YMX11E<\/figcaption><\/figure>\n<h3>Benutzerhandbuch downloaden\u00a0 \u2013 Bosch SPV6YMX11E [ Gebrauchsanleitung PDF]: <a href=\"https:\/\/www.devicemanuals.eu\/de\/wp-content\/uploads\/2022\/08\/Kurzanleitung-SPV6YMX11E.pdf\">Kurzanleitung-SPV6YMX11E<\/a><\/h3>\n<p>&nbsp;<\/p>\n<p><span dir=\"ltr\" role=\"presentation\">PerfectDry Geschirrsp\u00fcler f\u00fcr beste <\/span><span dir=\"ltr\" role=\"presentation\">Trocknungsergebnisse mit flexiblen und <\/span><span dir=\"ltr\" role=\"presentation\">praktischen Beladungsl\u00f6sungen, um <\/span><span dir=\"ltr\" role=\"presentation\">all Ihre verschiedenen Geschirrarten <\/span><span dir=\"ltr\" role=\"presentation\">unterzubringen.<\/span><\/p>\n<ul>\n<li><span dir=\"ltr\" role=\"presentation\">PerfectDry:<\/span> <span dir=\"ltr\" role=\"presentation\">perfekt trocken bei geringem Stromverbrauch \u2013<\/span><br role=\"presentation\" \/><span dir=\"ltr\" role=\"presentation\">selbst bei schwer trocknendem Geschirr.<\/span><\/li>\n<li><span dir=\"ltr\" role=\"presentation\">VarioSchublade Pro &#8211; H\u00f6chste Flexibilit\u00e4t in der dritten<\/span><br role=\"presentation\" \/><span dir=\"ltr\" role=\"presentation\">Beladungsebene.<\/span><\/li>\n<li><span dir=\"ltr\" role=\"presentation\">3-fach Rackmatik:<\/span> <span dir=\"ltr\" role=\"presentation\">Auch mit voll beladenem Oberkorb in 3<\/span><br role=\"presentation\" \/><span dir=\"ltr\" role=\"presentation\">Stufen bis zu 5 cm h\u00f6henverstellbar.<\/span><\/li>\n<li><span dir=\"ltr\" role=\"presentation\">Silence on demand:<\/span> <span dir=\"ltr\" role=\"presentation\">Ger\u00e4uschreduktion bis zu 30 Minuten<\/span><br role=\"presentation\" \/><span dir=\"ltr\" role=\"presentation\">lang, jederzeit \u00fcber die Home Connect App.<\/span><\/li>\n<li><span dir=\"ltr\" role=\"presentation\">Silence Programm:<\/span> <span dir=\"ltr\" role=\"presentation\">Bei diesem Programm wird das<\/span><br role=\"presentation\" \/><span dir=\"ltr\" role=\"presentation\">Betriebsger\u00e4usch deines Geschirrsp\u00fclers automatisch auf den<\/span><br role=\"presentation\" \/><span dir=\"ltr\" role=\"presentation\">niedrigsten Ger\u00e4uschwert reduziert.<\/span><\/li>\n<\/ul>\n<h3><span dir=\"ltr\" role=\"presentation\">Technische Daten<\/span><\/h3>\n<p><span dir=\"ltr\" role=\"presentation\">Energieeffizienzklasse (EU 2017\/1369): B<\/span><br role=\"presentation\" \/><span dir=\"ltr\" role=\"presentation\">Energieverbrauch des eco-Programms pro 100 Betriebszyklen<\/span><br role=\"presentation\" \/><span dir=\"ltr\" role=\"presentation\">(EU 2017\/1369): 51 kWh<\/span><br role=\"presentation\" \/><span dir=\"ltr\" role=\"presentation\">H\u00f6chste Anzahl von Ma\u00dfgedecken (EU 2017\/1369): 10<\/span><br role=\"presentation\" \/><span dir=\"ltr\" role=\"presentation\">Wasserverbrauch in Litern im eco-Programm pro Betriebszyklus<\/span><br role=\"presentation\" \/><span dir=\"ltr\" role=\"presentation\">(EU 2017\/1369): 8,5 l<\/span><br role=\"presentation\" \/><span dir=\"ltr\" role=\"presentation\">Programmdauer (EU 2017\/1369): 3:45 h<\/span><br role=\"presentation\" \/><span dir=\"ltr\" role=\"presentation\">Luftschallemissionen (EU 2017\/1369): 45 dB(A) re 1 pW<\/span><br role=\"presentation\" \/><span dir=\"ltr\" role=\"presentation\">Luftschallemissionsklasse (EU 2017\/1369): C<\/span><br role=\"presentation\" \/><span dir=\"ltr\" role=\"presentation\">Bauform: Eingebaut<\/span><br role=\"presentation\" \/><span dir=\"ltr\" role=\"presentation\">H\u00f6he der Arbeitsplatte: 0 mm<\/span><br role=\"presentation\" \/><span dir=\"ltr\" role=\"presentation\">Abmessungen des Ger\u00e4tes: 815 x 448 x 550 mm<\/span><br role=\"presentation\" \/><span dir=\"ltr\" role=\"presentation\">Nischenma\u00dfe f\u00fcr Installation (H x B x T): 815-875 x 450 x 550<\/span><span dir=\"ltr\" role=\"presentation\">mm<\/span><br role=\"presentation\" \/><span dir=\"ltr\" role=\"presentation\">Tiefe bei ge\u00f6ffneter T\u00fcr (90\u00b0): 1150 mm<\/span><br role=\"presentation\" \/><span dir=\"ltr\" role=\"presentation\">H\u00f6henverstellbare F\u00fc\u00dfe: Ja &#8211; alle von vorne<\/span><br role=\"presentation\" \/><span dir=\"ltr\" role=\"presentation\">H\u00f6henverstellung max.: 60 mm<\/span><br role=\"presentation\" \/><span dir=\"ltr\" role=\"presentation\">Verstellbarer Sockel: Horizontal und Vertikal<\/span><br role=\"presentation\" \/><span dir=\"ltr\" role=\"presentation\">Nettogewicht: 36,2 kg<\/span><br role=\"presentation\" \/><span dir=\"ltr\" role=\"presentation\">Bruttogewicht: 38,1 kg<\/span><br role=\"presentation\" \/><span dir=\"ltr\" role=\"presentation\">Anschlusswert: 2400 W<\/span><br role=\"presentation\" \/><span dir=\"ltr\" role=\"presentation\">Absicherung: 10 A<\/span><br role=\"presentation\" \/><span dir=\"ltr\" role=\"presentation\">Spannung: 220-240 V<\/span><br role=\"presentation\" \/><span dir=\"ltr\" role=\"presentation\">Frequenz: 50; 60 Hz<\/span><br role=\"presentation\" \/><span dir=\"ltr\" role=\"presentation\">L\u00e4nge Anschlusskabel: 175 cm<\/span><br role=\"presentation\" \/><span dir=\"ltr\" role=\"presentation\">Steckerart: Schuko-\/Gardy.m.Erdung<\/span><br role=\"presentation\" \/><span dir=\"ltr\" role=\"presentation\">L\u00e4nge Zulaufschlauch: 165 cm<\/span><br role=\"presentation\" \/><span dir=\"ltr\" role=\"presentation\">L\u00e4nge Ablaufschlauch: 205 cm<\/span><br role=\"presentation\" \/><span dir=\"ltr\" role=\"presentation\">EAN-Nummer: 4242005286997<\/span><br role=\"presentation\" \/><span dir=\"ltr\" role=\"presentation\">Art der Installation: Vollintegrierbar<\/span><\/p>\n<p><a href=\"https:\/\/www.bosch-home.com\/de\/produktliste\/geschirrspueler\/einbaugeschirrspueler\/einbaugeschirrspueler-45-cm\/SPV6YMX11E\" target=\"_blank\" rel=\"noopener\">Online kaufen<\/a><\/p>\n","protected":false},"excerpt":{"rendered":"<p>Serie 6 Vollintegrierter Geschirrsp\u00fcler 45 cm Benutzerhandbuch downloaden\u00a0 \u2013 Bosch SPV6YMX11E [ Gebrauchsanleitung PDF]: Kurzanleitung-SPV6YMX11E &nbsp; PerfectDry Geschirrsp\u00fcler f\u00fcr beste Trocknungsergebnisse mit flexiblen und praktischen Beladungsl\u00f6sungen, um all Ihre verschiedenen Geschirrarten unterzubringen. PerfectDry: perfekt trocken bei geringem Stromverbrauch \u2013selbst bei schwer trocknendem Geschirr. VarioSchublade Pro &#8211; H\u00f6chste Flexibilit\u00e4t in der drittenBeladungsebene. 3-fach Rackmatik: Auch mit&hellip;&nbsp;<\/p>\n","protected":false},"author":1,"featured_media":2739,"comment_status":"open","ping_status":"open","sticky":false,"template":"","format":"standard","meta":{"neve_meta_sidebar":"","neve_meta_container":"","neve_meta_enable_content_width":"off","neve_meta_content_width":70,"neve_meta_title_alignment":"","neve_meta_author_avatar":"","neve_post_elements_order":"","neve_meta_disable_header":"","neve_meta_disable_footer":"","neve_meta_disable_title":"","footnotes":""},"categories":[5],"tags":[297,33,213,416,194,417,193],"class_list":["post-2738","post","type-post","status-publish","format-standard","has-post-thumbnail","hentry","category-bosch","tag-aquasensor","tag-geschirrspuler","tag-home-connect","tag-perfectdry","tag-serie-6","tag-varioschublade-pro","tag-vollintegrierbar"],"_links":{"self":[{"href":"https:\/\/www.devicemanuals.eu\/de\/wp-json\/wp\/v2\/posts\/2738","targetHints":{"allow":["GET"]}}],"collection":[{"href":"https:\/\/www.devicemanuals.eu\/de\/wp-json\/wp\/v2\/posts"}],"about":[{"href":"https:\/\/www.devicemanuals.eu\/de\/wp-json\/wp\/v2\/types\/post"}],"author":[{"embeddable":true,"href":"https:\/\/www.devicemanuals.eu\/de\/wp-json\/wp\/v2\/users\/1"}],"replies":[{"embeddable":true,"href":"https:\/\/www.devicemanuals.eu\/de\/wp-json\/wp\/v2\/comments?post=2738"}],"version-history":[{"count":1,"href":"https:\/\/www.devicemanuals.eu\/de\/wp-json\/wp\/v2\/posts\/2738\/revisions"}],"predecessor-version":[{"id":2741,"href":"https:\/\/www.devicemanuals.eu\/de\/wp-json\/wp\/v2\/posts\/2738\/revisions\/2741"}],"wp:featuredmedia":[{"embeddable":true,"href":"https:\/\/www.devicemanuals.eu\/de\/wp-json\/wp\/v2\/media\/2739"}],"wp:attachment":[{"href":"https:\/\/www.devicemanuals.eu\/de\/wp-json\/wp\/v2\/media?parent=2738"}],"wp:term":[{"taxonomy":"category","embeddable":true,"href":"https:\/\/www.devicemanuals.eu\/de\/wp-json\/wp\/v2\/categories?post=2738"},{"taxonomy":"post_tag","embeddable":true,"href":"https:\/\/www.devicemanuals.eu\/de\/wp-json\/wp\/v2\/tags?post=2738"}],"curies":[{"name":"wp","href":"https:\/\/api.w.org\/{rel}","templated":true}]}}