{"id":1271,"date":"2016-04-01T12:45:20","date_gmt":"2016-04-01T11:45:20","guid":{"rendered":"http:\/\/www.devicemanuals.eu\/fr\/?p=1271"},"modified":"2016-04-01T12:45:20","modified_gmt":"2016-04-01T11:45:20","slug":"canon-eos-m3-objectif-ef-m-18-55-mm-is-stm","status":"publish","type":"post","link":"https:\/\/www.devicemanuals.eu\/fr\/canon-eos-m3-objectif-ef-m-18-55-mm-is-stm\/1271\/","title":{"rendered":"Canon EOS M3 + objectif EF-M 18-55 mm IS STM"},"content":{"rendered":"<h2>R\u00e9alisez de superbes photos o\u00f9 que vous soyez, l&rsquo;EOS M3 allie les performances d&rsquo;un reflex num\u00e9rique et la portabilit\u00e9 d&rsquo;un appareil photo compact.<\/h2>\n<figure id=\"attachment_1272\" aria-describedby=\"caption-attachment-1272\" style=\"width: 300px\" class=\"wp-caption alignnone\"><a href=\"http:\/\/www.devicemanuals.eu\/fr\/canon-eos-m3-objectif-ef-m-18-55-mm-is-stm\/1271\/m3\/\" rel=\"attachment wp-att-1272\"><img loading=\"lazy\" decoding=\"async\" class=\"size-medium wp-image-1272\" src=\"http:\/\/www.devicemanuals.eu\/fr\/wp-content\/uploads\/2016\/04\/m3-300x300.png\" alt=\"Canon EOS M3\" width=\"300\" height=\"300\" srcset=\"https:\/\/www.devicemanuals.eu\/fr\/wp-content\/uploads\/2016\/04\/m3-300x300.png 300w, https:\/\/www.devicemanuals.eu\/fr\/wp-content\/uploads\/2016\/04\/m3-150x150.png 150w, https:\/\/www.devicemanuals.eu\/fr\/wp-content\/uploads\/2016\/04\/m3-200x200.png 200w, https:\/\/www.devicemanuals.eu\/fr\/wp-content\/uploads\/2016\/04\/m3.png 550w\" sizes=\"auto, (max-width: 300px) 100vw, 300px\" \/><\/a><figcaption id=\"caption-attachment-1272\" class=\"wp-caption-text\">Canon EOS M3<\/figcaption><\/figure>\n<h3><strong>T\u00e9l\u00e9charger le mode d\u2019emploi\u00a0 <\/strong>Canon EOS M3<\/h3>\n<h3>\u2013\u00a0gratuitement au format PDF: <a href=\"http:\/\/www.devicemanuals.eu\/fr\/wp-content\/uploads\/2016\/04\/EOS_M3_FR.pdf\" rel=\"\">EOS_M3_FR<\/a><\/h3>\n<div class=\"product-specs\">\n<h4 class=\"header-3\">CAPTEUR D&rsquo;IMAGE<\/h4>\n<table class=\"table product-spec--table\">\n<thead class=\"visually-hidden\">\n<tr>\n<td>Caract\u00e9ristiques<\/td>\n<td>Informations<\/td>\n<\/tr>\n<\/thead>\n<tbody>\n<tr>\n<th>Type<\/th>\n<td>CMOS 22,3\u00a0\u00d7\u00a014,9\u00a0mm<\/td>\n<\/tr>\n<tr>\n<th>Nombre de pixels effectifs<\/th>\n<td>Environ 24,2\u00a0millions de pixels<\/td>\n<\/tr>\n<tr>\n<th>Nombre total de pixels<\/th>\n<td>Environ 24,7\u00a0millions de pixels<\/td>\n<\/tr>\n<tr>\n<th>Ratio d\u2019aspect<\/th>\n<td>3\/2<\/td>\n<\/tr>\n<tr>\n<th>Filtre passe bas<\/th>\n<td>Int\u00e9gr\u00e9\/Fixe<\/td>\n<\/tr>\n<tr>\n<th>Nettoyage du capteur<\/th>\n<td>Syst\u00e8me EOS de nettoyage int\u00e9gr\u00e9<\/td>\n<\/tr>\n<tr>\n<th>Type de filtre couleurs<\/th>\n<td>Couleurs primaires<\/td>\n<\/tr>\n<\/tbody>\n<\/table>\n<\/div>\n<div class=\"product-specs\">\n<h4 class=\"header-3\">PROCESSEUR D&rsquo;IMAGE<\/h4>\n<table class=\"table product-spec--table\">\n<thead class=\"visually-hidden\">\n<tr>\n<td>Caract\u00e9ristiques<\/td>\n<td>Informations<\/td>\n<\/tr>\n<\/thead>\n<tbody>\n<tr>\n<th>Type<\/th>\n<td>DIGIC\u00a06<\/td>\n<\/tr>\n<\/tbody>\n<\/table>\n<\/div>\n<div class=\"product-specs\">\n<h4 class=\"header-3\">OBJECTIF<\/h4>\n<table class=\"table product-spec--table\">\n<thead class=\"visually-hidden\">\n<tr>\n<td>Caract\u00e9ristiques<\/td>\n<td>Informations<\/td>\n<\/tr>\n<\/thead>\n<tbody>\n<tr>\n<th>Monture d&rsquo;objectif<\/th>\n<td>EF-M (objectifs EF et EF-S compatibles via la bague d&rsquo;adaptation EF-EOS M)<\/td>\n<\/tr>\n<tr>\n<th>Distance focale<\/th>\n<td>\u00c9quivalente \u00e0 1,6x la distance focale de l&rsquo;objectif<\/td>\n<\/tr>\n<tr>\n<th>Stabilisateur d&rsquo;image<\/th>\n<td>\n<ul>\n<li>Possibilit\u00e9 d&rsquo;activer\/de d\u00e9sactiver le stabilisateur d&rsquo;image sur les objectifs compatibles<\/li>\n<li>Mode Dynamic IS disponible avec les objectifs compatibles<\/li>\n<\/ul>\n<\/td>\n<\/tr>\n<\/tbody>\n<\/table>\n<\/div>\n<div class=\"product-specs\">\n<h4 class=\"header-3\">MISE AU POINT<\/h4>\n<table class=\"table product-spec--table\">\n<thead class=\"visually-hidden\">\n<tr>\n<td>Caract\u00e9ristiques<\/td>\n<td>Informations<\/td>\n<\/tr>\n<\/thead>\n<tbody>\n<tr>\n<th>Type<\/th>\n<td>Syst\u00e8me AF CMOS hybride. Pixels de d\u00e9tection de phase int\u00e9gr\u00e9s au capteur d&rsquo;image [14]<\/td>\n<\/tr>\n<tr>\n<th>Syst\u00e8me\/Collimateurs\u00a0AF<\/th>\n<td>49\u00a0collimateurs\u00a0AF (max.)[15]<\/td>\n<\/tr>\n<tr>\n<th>Plage de fonctionnement AF<\/th>\n<td>2 \u00e0 18\u00a0IL (valeurs d&rsquo;exposition) (\u00e0 23\u00a0\u00b0C, 100\u00a0ISO avec EF-M 22mm f\/2 STM)<\/td>\n<\/tr>\n<tr>\n<th>Modes\u00a0AF<\/th>\n<td>AF\u00a0One-Shot et AF\u00a0Servo<\/td>\n<\/tr>\n<tr>\n<th>S\u00e9lection du collimateur AF<\/th>\n<td>S\u00e9lection automatique (visage+suivi), S\u00e9lection manuelle (AF monopoint)<\/td>\n<\/tr>\n<tr>\n<th>Affichage du collimateur AF s\u00e9lectionn\u00e9<\/th>\n<td>Sur l&rsquo;\u00e9cran LCD<\/td>\n<\/tr>\n<tr>\n<th>M\u00e9morisation de l&rsquo;AF<\/th>\n<td>M\u00e9morisation lorsque le d\u00e9clencheur est enfonc\u00e9 \u00e0 mi-course ou touche de m\u00e9morisation d&rsquo;exposition personnalisable<\/td>\n<\/tr>\n<tr>\n<th>Faisceau d&rsquo;assistance AF<\/th>\n<td>via faisceau d&rsquo;assistance DEL<\/td>\n<\/tr>\n<tr>\n<th>Mise au point manuelle<\/th>\n<td>\n<ul>\n<li>Bouton MF d\u00e9di\u00e9 (basculement entre AF et MF). S\u00e9lection dans le menu de l&rsquo;appareil photo\u00a0: AF+MF (One-Shot, puis mise au point manuelle)<\/li>\n<li>Accentuation de mise au point manuelle disponible<\/li>\n<\/ul>\n<\/td>\n<\/tr>\n<\/tbody>\n<\/table>\n<\/div>\n<div class=\"product-specs\">\n<h4 class=\"header-3\">CONTR\u00d4LE D&rsquo;EXPOSITION<\/h4>\n<table class=\"table product-spec--table\">\n<thead class=\"visually-hidden\">\n<tr>\n<td>Caract\u00e9ristiques<\/td>\n<td>Informations<\/td>\n<\/tr>\n<\/thead>\n<tbody>\n<tr>\n<th>Modes de mesure<\/th>\n<td>\n<ul>\n<li>Mesure en temps r\u00e9el depuis le capteur d&rsquo;image<\/li>\n<li>(1) Mesure \u00e9valuative (384\u00a0zones)<\/li>\n<li>(2) Mesure s\u00e9lective au centre (environ 10\u00a0%)<\/li>\n<li>(3) Mesure spot (environ 2\u00a0%)<\/li>\n<li>(4) Mesure moyenne \u00e0 pr\u00e9pond\u00e9rance centrale<\/li>\n<\/ul>\n<\/td>\n<\/tr>\n<tr>\n<th>Plage de mesure<\/th>\n<td>1 \u00e0 20\u00a0IL (valeurs d&rsquo;exposition) (\u00e0\u00a023\u00a0\u00b0C, 100\u00a0ISO)<\/td>\n<\/tr>\n<tr>\n<th>M\u00e9morisation d\u2019exposition<\/th>\n<td>\n<ul>\n<li>Auto\u00a0: utilis\u00e9 en mode Autofocus One-Shot avec mesure \u00e9valuative une fois la mise au point r\u00e9alis\u00e9e<\/li>\n<li>Manuelle\u00a0: via la touche de m\u00e9morisation d&rsquo;exposition en modes Zone de cr\u00e9ation<\/li>\n<\/ul>\n<\/td>\n<\/tr>\n<tr>\n<th>Correction d&rsquo;exposition<\/th>\n<td>+\/-3\u00a0IL (valeurs d&rsquo;exposition) par paliers de 1\/3 (combinable avec la fonction AEB).<\/td>\n<\/tr>\n<tr>\n<th>AEB<\/th>\n<td>Sur 3 vues, +\/-2\u00a0IL (valeurs d&rsquo;exposition), par paliers de 1\/3<\/td>\n<\/tr>\n<tr>\n<th>Sensibilit\u00e9\u00a0ISO (*)<\/th>\n<td>\n<ul>\n<li>AUTO (100 \u00e0 12.800), 100 \u00e0 12.800 par paliers de 1\/3<\/li>\n<li>Sensibilit\u00e9 ISO extensible \u00e0 H: 25.600<\/li>\n<li>Pendant l&rsquo;enregistrement vid\u00e9o\u00a0: Auto (100 \u00e0 6400), 100 \u00e0 6400 (par paliers de 1\/3)<\/li>\n<\/ul>\n<\/td>\n<\/tr>\n<\/tbody>\n<\/table>\n<\/div>\n<div class=\"product-specs\">\n<h4 class=\"header-3\">OBTURATEUR<\/h4>\n<table class=\"table product-spec--table\">\n<thead class=\"visually-hidden\">\n<tr>\n<td>Caract\u00e9ristiques<\/td>\n<td>Informations<\/td>\n<\/tr>\n<\/thead>\n<tbody>\n<tr>\n<th>Type<\/th>\n<td>Obturateur hybride monolame (premier rideau \u00e9lectronique et deuxi\u00e8me rideau m\u00e9canique)<\/td>\n<\/tr>\n<tr>\n<th>Vitesse<\/th>\n<td>30 \u00e0 1\/4000\u00a0s (par paliers de 1\/3), pose longue (plage totale\u00a0; Varie selon le mode de prise de vue)<\/td>\n<\/tr>\n<\/tbody>\n<\/table>\n<\/div>\n<div class=\"product-specs\">\n<h4 class=\"header-3\">BALANCE DES BLANCS<\/h4>\n<table class=\"table product-spec--table\">\n<thead class=\"visually-hidden\">\n<tr>\n<td>Caract\u00e9ristiques<\/td>\n<td>Informations<\/td>\n<\/tr>\n<\/thead>\n<tbody>\n<tr>\n<th>Type<\/th>\n<td>Balance des blancs auto par le capteur d&rsquo;image<\/td>\n<\/tr>\n<tr>\n<th>R\u00e9glages<\/th>\n<td>\n<ul>\n<li>AWB, lumi\u00e8re du jour, ombrag\u00e9, nuageux, lumi\u00e8re tungst\u00e8ne, \u00e9clairage fluorescent blanc, flash, personnalis\u00e9<\/li>\n<li>Correction de la balance des blancs\u00a0:<\/li>\n<li>1. Bleu\/ambre\u00a0+\/-9<\/li>\n<li>2. Magenta\/vert\u00a0+\/-9.<\/li>\n<\/ul>\n<\/td>\n<\/tr>\n<tr>\n<th>Balance des blancs personnalis\u00e9e<\/th>\n<td>Oui, possibilit\u00e9 d&rsquo;enregistrer un r\u00e9glage<\/td>\n<\/tr>\n<\/tbody>\n<\/table>\n<\/div>\n<div class=\"product-specs\">\n<h4 class=\"header-3\">VISEUR<\/h4>\n<table class=\"table product-spec--table\">\n<thead class=\"visually-hidden\">\n<tr>\n<td>Caract\u00e9ristiques<\/td>\n<td>Informations<\/td>\n<\/tr>\n<\/thead>\n<tbody>\n<tr>\n<th>Type<\/th>\n<td>Viseur \u00e9lectronique\u00a0EVF-DC1 en option<\/td>\n<\/tr>\n<tr>\n<th>Aper\u00e7u de la profondeur de champ<\/th>\n<td>Oui, via les boutons personnalisables<\/td>\n<\/tr>\n<\/tbody>\n<\/table>\n<\/div>\n<div class=\"product-specs\">\n<h4 class=\"header-3\">\u00c9CRAN\u00a0LCD<\/h4>\n<table class=\"table product-spec--table\">\n<thead class=\"visually-hidden\">\n<tr>\n<td>Caract\u00e9ristiques<\/td>\n<td>Informations<\/td>\n<\/tr>\n<\/thead>\n<tbody>\n<tr>\n<th>Type<\/th>\n<td>\u00c9cran\u00a0LCD inclinable tactile (TFT) ClearView\u00a0II sRGB de 7,5\u00a0cm (3\u00a0pouces). Ratio d\u2019aspect 3:2 Environ 1.040.000\u00a0points Type capacitif avec technologie In-cell<\/td>\n<\/tr>\n<tr>\n<th>Couverture<\/th>\n<td>Environ 100\u00a0%<\/td>\n<\/tr>\n<tr>\n<th>Angle de champ (horizontal\/vertical)<\/th>\n<td>Environ 170\u00b0<\/td>\n<\/tr>\n<tr>\n<th>R\u00e9glage de la luminosit\u00e9<\/th>\n<td>R\u00e9glable sur l&rsquo;un des cinq niveaux propos\u00e9s<\/td>\n<\/tr>\n<tr>\n<th>Options d&rsquo;affichage<\/th>\n<td>\n<ul>\n<li>Modifiable via le bouton Bouton<\/li>\n<li>(1) \u00c9cran de Contr\u00f4le rapide<\/li>\n<li>(2) Vis\u00e9e par l&rsquo;\u00e9cran, sans informations<\/li>\n<li>(3) Vis\u00e9e par l&rsquo;\u00e9cran, toutes les informations<\/li>\n<li>(4) Vis\u00e9e par l&rsquo;\u00e9cran, informations de base<\/li>\n<\/ul>\n<\/td>\n<\/tr>\n<\/tbody>\n<\/table>\n<\/div>\n<div class=\"product-specs\">\n<h4 class=\"header-3\">FLASH<\/h4>\n<table class=\"table product-spec--table\">\n<thead class=\"visually-hidden\">\n<tr>\n<td>Caract\u00e9ristiques<\/td>\n<td>Informations<\/td>\n<\/tr>\n<\/thead>\n<tbody>\n<tr>\n<th>Nombre guide du flash int\u00e9gr\u00e9 (100\u00a0ISO, m\u00e8tres)<\/th>\n<td>5<\/td>\n<\/tr>\n<tr>\n<th>Couverture du flash int\u00e9gr\u00e9<\/th>\n<td>Jusqu&rsquo;\u00e0 la focale de 18\u00a0mm (\u00e9quivalent en 24\u00a0\u00d7\u00a036\u00a0: 29\u00a0mm)<\/td>\n<\/tr>\n<tr>\n<th>Temps de recharge du flash int\u00e9gr\u00e9<\/th>\n<td>Environ 3\u00a0secondes<\/td>\n<\/tr>\n<tr>\n<th>Modes<\/th>\n<td>Automatique, flash manuel (activ\u00e9\/d\u00e9sactiv\u00e9), synchronisation lente<\/td>\n<\/tr>\n<tr>\n<th>Att\u00e9nuation des yeux rouges<\/th>\n<td>Oui (avec lumi\u00e8re anti yeux rouges)<\/td>\n<\/tr>\n<tr>\n<th>Synchronisation X<\/th>\n<td>1\/200\u00a0s<\/td>\n<\/tr>\n<tr>\n<th>Correction d&rsquo;exposition au flash<\/th>\n<td>+\/- 2\u00a0IL (valeurs d&rsquo;exposition) par paliers de 1\/3<\/td>\n<\/tr>\n<tr>\n<th>Bracketing d&rsquo;exposition au flash<\/th>\n<td>Oui, avec un flash externe compatible<\/td>\n<\/tr>\n<tr>\n<th>M\u00e9morisation d&rsquo;exposition au flash<\/th>\n<td>Oui<\/td>\n<\/tr>\n<tr>\n<th>Synchronisation sur le deuxi\u00e8me rideau<\/th>\n<td>Oui<\/td>\n<\/tr>\n<tr>\n<th>Griffe\/borne\u00a0PC<\/th>\n<td>Oui\/Non<\/td>\n<\/tr>\n<tr>\n<th>Compatibilit\u00e9 flash externe<\/th>\n<td>E-TTL\u00a0II avec les flashes Speedlite de s\u00e9rie\u00a0EX, prise en charge du multiflash sans fil<\/td>\n<\/tr>\n<tr>\n<th>Contr\u00f4le flash externe<\/th>\n<td>Via le menu de l&rsquo;appareil photo<\/td>\n<\/tr>\n<\/tbody>\n<\/table>\n<\/div>\n<div class=\"product-specs\">\n<h4 class=\"header-3\">PRISE DE VUE<\/h4>\n<table class=\"table product-spec--table\">\n<thead class=\"visually-hidden\">\n<tr>\n<td>Caract\u00e9ristiques<\/td>\n<td>Informations<\/td>\n<\/tr>\n<\/thead>\n<tbody>\n<tr>\n<th>Modes<\/th>\n<td>\n<ul>\n<li>Mode Sc\u00e8ne intelligente auto (photos et vid\u00e9os), Cr\u00e9ation assist\u00e9e (photos et vid\u00e9os). Hybrid Auto, SCN (portrait, paysage, gros-plan, sport, sc\u00e8ne nuit main lev\u00e9e, aliments), filtres cr\u00e9atifs (HDR, effet Fisheye, effet Peinture huile, effet Aquarelle, effet Miniature (photos et vid\u00e9os), effet Toy camera (cam\u00e9ra Jouet), flou artistique, N&amp;B granuleux), programme d&rsquo;exposition automatique, priorit\u00e9 \u00e0 la vitesse, priorit\u00e9 \u00e0 l&rsquo;ouverture, manuel, personnalis\u00e9)<\/li>\n<li>Modes vid\u00e9o\u00a0: exposition automatique, exposition manuelle<\/li>\n<\/ul>\n<\/td>\n<\/tr>\n<tr>\n<th>Styles d&rsquo;image<\/th>\n<td>Auto, standard, portrait, paysage, neutre, fid\u00e8le, monochrome, d\u00e9fini par l&rsquo;utilisateur (x3)<\/td>\n<\/tr>\n<tr>\n<th>Espace colorim\u00e9trique<\/th>\n<td>sRGB<\/td>\n<\/tr>\n<tr>\n<th>Traitement de l&rsquo;image<\/th>\n<td>\n<ul>\n<li>Priorit\u00e9 hautes lumi\u00e8res<\/li>\n<li>Optimisation automatique de l&rsquo;\u00e9clairage (4\u00a0r\u00e9glages)<\/li>\n<li>R\u00e9duct. bruit expo. longue<\/li>\n<li>R\u00e9duction du bruit en ISO \u00e9lev\u00e9e (4\u00a0r\u00e9glages + r\u00e9duction du bruit multi-photos)<\/li>\n<li>Correction automatique du vignettage de l&rsquo;objectif et de l&rsquo;aberration chromatique<\/li>\n<li>Cr\u00e9ation assist\u00e9e\u00a0:<\/li>\n<li>Flou d&rsquo;arri\u00e8re-plan (5\u00a0r\u00e9glages)<\/li>\n<li>Luminosit\u00e9 (19\u00a0niveaux)<\/li>\n<li>Contraste (9\u00a0niveaux)<\/li>\n<li>Saturation (9\u00a0niveaux)<\/li>\n<li>Teinte couleur (19\u00a0niveaux)<\/li>\n<li>Monochrome (D\u00e9sactiv\u00e9\u00a0\/ N&amp;B \/ S (s\u00e9pia)\u00a0\/ B (bleu)\u00a0\/ P (violet)\u00a0\/ G (vert))<\/li>\n<\/ul>\n<\/td>\n<\/tr>\n<tr>\n<th>Modes d&rsquo;acquisition<\/th>\n<td>Vue par vue, en continu, retardateur (2\u00a0s, 10\u00a0s, t\u00e9l\u00e9commande)<\/td>\n<\/tr>\n<tr>\n<th>Prise de vue en continu<\/th>\n<td>Maximum Environ 4,2\u00a0im.\/s pour environ 1000\u00a0images JPEG, 5\u00a0images RAW [1][16]<\/td>\n<\/tr>\n<\/tbody>\n<\/table>\n<\/div>\n<div class=\"product-specs\">\n<h4 class=\"header-3\">MODE VIS\u00c9E PAR L&rsquo;\u00c9CRAN<\/h4>\n<table class=\"table product-spec--table\">\n<thead class=\"visually-hidden\">\n<tr>\n<td>Caract\u00e9ristiques<\/td>\n<td>Informations<\/td>\n<\/tr>\n<\/thead>\n<tbody>\n<tr>\n<th>Couverture<\/th>\n<td>Environ 100\u00a0% (horizontalement et verticalement)<\/td>\n<\/tr>\n<tr>\n<th>Fr\u00e9quence d&rsquo;image<\/th>\n<td>30\u00a0im.\/s<\/td>\n<\/tr>\n<tr>\n<th>MISE AU POINT<\/th>\n<td>\n<ul>\n<li>Mise au point manuelle (agrandissement de l&rsquo;image 5x ou 10x partout sur l&rsquo;\u00e9cran et accentuation de mise au point manuelle)<\/li>\n<li>Autofocus\u00a0: Hybrid CMOS AF\u00a0III (visage + suivi, AF monopoint)<\/li>\n<\/ul>\n<\/td>\n<\/tr>\n<tr>\n<th>Options d&rsquo;affichage<\/th>\n<td>Quadrillage (x2), histogramme, niveau \u00e9lectronique, plusieurs formats d&rsquo;image<\/td>\n<\/tr>\n<\/tbody>\n<\/table>\n<\/div>\n<div class=\"product-specs\">\n<h4 class=\"header-3\">FORMAT DE FICHIER<\/h4>\n<table class=\"table product-spec--table\">\n<thead class=\"visually-hidden\">\n<tr>\n<td>Caract\u00e9ristiques<\/td>\n<td>Informations<\/td>\n<\/tr>\n<\/thead>\n<tbody>\n<tr>\n<th>Photo<\/th>\n<td>\n<ul>\n<li>JPEG\u00a0: fin, normal (compatible Exif 2.30)\u00a0\/ format DCF (Design rule for Camera File system) (2.0),<\/li>\n<li>RAW\u00a0: RAW (14\u00a0bits, Canon RAW original 2e \u00e9dition),<\/li>\n<li>compatible DPOF [Digital Print Order Format] version\u00a01.1<\/li>\n<\/ul>\n<\/td>\n<\/tr>\n<tr>\n<th>Enregistrement simultan\u00e9 en RAW + JPEG<\/th>\n<td>Oui, RAW + compressions JPEG diverses possibles<\/td>\n<\/tr>\n<tr>\n<th>Taille d&rsquo;image<\/th>\n<td>\n<ul>\n<li>RAW\u00a0: (3:2) 6000 x 4000, (4:3) 5328 x 4000, (16:9) 6000 x 3376, (1:1) 4000 x 4000<\/li>\n<li>JPEG 3:2\u00a0: (L) 6000 x 4000, (M) 4320 x 2880, (S1) 2880 x 1920, (S2) 2304 x 1536, (S3) 720&#215;480<\/li>\n<li>JPEG 4:3\u00a0: (L) 5328 x 4000, (M) 3840 x 2880, (S1) 2560 x 1920, (S2) 2048 x 1536, (S3) 640&#215;480<\/li>\n<li>JPEG 16:9\u00a0: (L) 6000 x 3376, (M) 4320 x 2432, (S1) 2880 x 1616 (S2) 1920 x 1080, (S3) 720 x 408<\/li>\n<li>JPEG 1:1\u00a0: (L) 4000 x 4000, (M) 2880 x 2880, (S1) 1920 x 1920, (S2) 1536 x 1536, (S3) 480&#215;480<\/li>\n<\/ul>\n<\/td>\n<\/tr>\n<tr>\n<th>Type de vid\u00e9o<\/th>\n<td>MP4 [Vid\u00e9o\u00a0: MPEG-4 AVC\u00a0\/ H.264, Audio\u00a0: MPEG-4 AAC-LC (st\u00e9r\u00e9o)]<\/td>\n<\/tr>\n<tr>\n<th>Taille de vid\u00e9o<\/th>\n<td>\n<ul>\n<li>Full HD\u00a0: 1920\u00a0\u00d7\u00a01080 (29,97, 25, 23,976\u00a0im.\/s)<\/li>\n<li>HD &#8211; 1280 x 720 (59,94, 50\u00a0im.\/s.)<\/li>\n<li>VGA\u00a0: 640 x 480 (29.97, 25\u00a0im.\/s.)<\/li>\n<li>Effet Miniature\u00a0: HD, VGA &#8211; (6, 3, 1,5\u00a0im.\/s.)<\/li>\n<li>Hybrid Auto\u00a0: HD (30\u00a0im.\/s.)<\/li>\n<\/ul>\n<\/td>\n<\/tr>\n<tr>\n<th>Dur\u00e9e de vid\u00e9o<\/th>\n<td>Dur\u00e9e maximale 29\u00a0min 59\u00a0s, taille maximale de fichier 4\u00a0Go<\/td>\n<\/tr>\n<tr>\n<th>Dossiers<\/th>\n<td>Les nouveaux dossiers peuvent \u00eatre cr\u00e9\u00e9s automatiquement tous les mois ou quotidiennement<\/td>\n<\/tr>\n<tr>\n<th>Num\u00e9rotation des fichiers<\/th>\n<td>\n<ul>\n<li>(1) Num\u00e9rotation continue<\/li>\n<li>(2) R\u00e9initialisation automatique<\/li>\n<\/ul>\n<\/td>\n<\/tr>\n<\/tbody>\n<\/table>\n<\/div>\n<div class=\"product-specs\">\n<h4 class=\"header-3\">AUTRES FONCTIONS<\/h4>\n<table class=\"table product-spec--table\">\n<thead class=\"visually-hidden\">\n<tr>\n<td>Caract\u00e9ristiques<\/td>\n<td>Informations<\/td>\n<\/tr>\n<\/thead>\n<tbody>\n<tr>\n<th>Fonctions personnalis\u00e9es<\/th>\n<td>6\u00a0fonctions personnalis\u00e9es avec 17\u00a0r\u00e9glages dont 7\u00a0boutons\u00a0\/ commandes personnalisables<\/td>\n<\/tr>\n<tr>\n<th>Balise de m\u00e9tadonn\u00e9es<\/th>\n<td>\n<ul>\n<li>Informations sur le copyright de l&rsquo;utilisateur (r\u00e9glable dans l&rsquo;appareil)<\/li>\n<li>Notation des images (0 \u00e0 5\u00a0\u00e9toiles)<\/li>\n<\/ul>\n<\/td>\n<\/tr>\n<tr>\n<th>D\u00e9tecteur de sens de cadrage<\/th>\n<td>Oui<\/td>\n<\/tr>\n<tr>\n<th>Zoom en lecture<\/th>\n<td>1,5x\u00a0&#8211; 10x, activ\u00e9 en 10\u00a0\u00e9tapes<\/td>\n<\/tr>\n<tr>\n<th>Formats d&rsquo;affichage<\/th>\n<td>\n<ul>\n<li>(1) Image unique avec informations (Personnalisable selon 6\u00a0niveaux)<\/li>\n<li>(2) Image unique<\/li>\n<li>(3) Affichage de l&rsquo;index (6\/12\/42\/110\u00a0images)<\/li>\n<li>(4) Affichage de saut<\/li>\n<\/ul>\n<\/td>\n<\/tr>\n<tr>\n<th>Diaporama<\/th>\n<td>\n<ul>\n<li>Dur\u00e9e de lecture\u00a0: 3\/4\/5\/6\/7\/8\/9\/10\/15\/30\u00a0s<\/li>\n<li>R\u00e9p\u00e9tition\u00a0: activ\u00e9e\/d\u00e9sactiv\u00e9e<\/li>\n<li>Effets de transition\u00a0: d\u00e9sactiv\u00e9s, fondu<\/li>\n<\/ul>\n<\/td>\n<\/tr>\n<tr>\n<th>Histogramme<\/th>\n<td>\n<ul>\n<li>Luminosit\u00e9\u00a0: oui<\/li>\n<li>RVB\u00a0: oui<\/li>\n<\/ul>\n<\/td>\n<\/tr>\n<tr>\n<th>Alerte de surexposition<\/th>\n<td>Oui<\/td>\n<\/tr>\n<tr>\n<th>Protection contre la suppression d&rsquo;images<\/th>\n<td>\n<ul>\n<li>Effacement\u00a0: image unique, images s\u00e9lectionn\u00e9es, plage s\u00e9lectionn\u00e9e, toutes les images<\/li>\n<li>Protection\u00a0: images s\u00e9lectionn\u00e9es, plage s\u00e9lectionn\u00e9e, toutes les images. Enlever la protection de toutes les images<\/li>\n<\/ul>\n<\/td>\n<\/tr>\n<tr>\n<th>Cat\u00e9gories des menus<\/th>\n<td>\n<ul>\n<li>(1) Menu Prise de vue (x6)<\/li>\n<li>(2) Menu Lecture (x4)<\/li>\n<li>(3) Menu Configuration (x4)<\/li>\n<li>(4) Menu Fonctions personnalis\u00e9es<\/li>\n<li>(5) Mon menu<\/li>\n<\/ul>\n<\/td>\n<\/tr>\n<tr>\n<th>Langues du menu<\/th>\n<td>\n<ul>\n<li>25\u00a0langues<\/li>\n<li>anglais, allemand, fran\u00e7ais, n\u00e9erlandais, danois, portugais, finnois, italien, norv\u00e9gien, su\u00e9dois, espagnol, grec, russe, polonais, tch\u00e8que, hongrois, roumain, ukrainien, turc, arabe, tha\u00ef, chinois simplifi\u00e9, chinois traditionnel, cor\u00e9en et japonais<\/li>\n<\/ul>\n<\/td>\n<\/tr>\n<tr>\n<th>Mise \u00e0 jour du firmware<\/th>\n<td>Mise \u00e0 jour possible par l&rsquo;utilisateur<\/td>\n<\/tr>\n<\/tbody>\n<\/table>\n<\/div>\n<div class=\"product-specs\">\n<h4 class=\"header-3\">INTERFACE<\/h4>\n<table class=\"table product-spec--table\">\n<thead class=\"visually-hidden\">\n<tr>\n<td>Caract\u00e9ristiques<\/td>\n<td>Informations<\/td>\n<\/tr>\n<\/thead>\n<tbody>\n<tr>\n<th>Ordinateur<\/th>\n<td>USB Haute vitesse (compatible Mini-B)<\/td>\n<\/tr>\n<tr>\n<th>Autres<\/th>\n<td>\n<ul>\n<li>LAN sans fil (IEEE802.11b\/g\/n) (2,4\u00a0GHz uniquement), avec prise en charge NFC dynamique[17]<\/li>\n<li>Sortie HDMI (Type-C\/Mini compatible)<\/li>\n<li>Microphone externe (mini-prise st\u00e9r\u00e9o 3,5\u00a0mm)<\/li>\n<\/ul>\n<\/td>\n<\/tr>\n<\/tbody>\n<\/table>\n<\/div>\n<div class=\"product-specs\">\n<h4 class=\"header-3\">IMPRESSION DIRECTE<\/h4>\n<table class=\"table product-spec--table\">\n<thead class=\"visually-hidden\">\n<tr>\n<td>Caract\u00e9ristiques<\/td>\n<td>Informations<\/td>\n<\/tr>\n<\/thead>\n<tbody>\n<tr>\n<th>Imprimantes Canon<\/th>\n<td>Imprimantes photo Canon compactes et imprimantes\u00a0PIXMA avec prise en charge PictBridge<\/td>\n<\/tr>\n<tr>\n<th>PictBridge<\/th>\n<td>Oui (via USB ou LAN sans fil)<\/td>\n<\/tr>\n<\/tbody>\n<\/table>\n<\/div>\n<div class=\"product-specs\">\n<h4 class=\"header-3\">STOCKAGE<\/h4>\n<table class=\"table product-spec--table\">\n<thead class=\"visually-hidden\">\n<tr>\n<td>Caract\u00e9ristiques<\/td>\n<td>Informations<\/td>\n<\/tr>\n<\/thead>\n<tbody>\n<tr>\n<th>Type<\/th>\n<td>Carte SD, SDHC, SDXC (compatible UHS-I)<\/td>\n<\/tr>\n<\/tbody>\n<\/table>\n<\/div>\n<div class=\"product-specs\">\n<h4 class=\"header-3\">SYST\u00c8MES D&rsquo;EXPLOITATION PRIS EN CHARGE<\/h4>\n<table class=\"table product-spec--table\">\n<thead class=\"visually-hidden\">\n<tr>\n<td>Caract\u00e9ristiques<\/td>\n<td>Informations<\/td>\n<\/tr>\n<\/thead>\n<tbody>\n<tr>\n<th>PC et Macintosh<\/th>\n<td>\n<ul>\n<li>Windows 8 \/ 8.1 \/ 7 SP1<\/li>\n<li>Mac OS X 10.8 \/ 10.9 \/ 10.10<\/li>\n<li>Pour une connexion Wifi \u00e0 un ordinateur via Image Transfer Utility\u00a0:<\/li>\n<li>Windows 8 \/ 8.1 \/ 7 SP1 uniquement<\/li>\n<li>Mac OS X 10.8.2 ou version ult\u00e9rieure \/ 10.9 \/ 10.10<\/li>\n<\/ul>\n<\/td>\n<\/tr>\n<\/tbody>\n<\/table>\n<\/div>\n<div class=\"product-specs\">\n<h4 class=\"header-3\">LOGICIELS<\/h4>\n<table class=\"table product-spec--table\">\n<thead class=\"visually-hidden\">\n<tr>\n<td>Caract\u00e9ristiques<\/td>\n<td>Informations<\/td>\n<\/tr>\n<\/thead>\n<tbody>\n<tr>\n<th>Traitement de l&rsquo;image<\/th>\n<td>Digital Photo Professional<\/td>\n<\/tr>\n<tr>\n<th>Autres<\/th>\n<td>Picture Style Editor, EOS Utility, utilitaire de transfert d&rsquo;image<\/td>\n<\/tr>\n<\/tbody>\n<\/table>\n<\/div>\n<div class=\"product-specs\">\n<h4 class=\"header-3\">ALIMENTATION<\/h4>\n<table class=\"table product-spec--table\">\n<thead class=\"visually-hidden\">\n<tr>\n<td>Caract\u00e9ristiques<\/td>\n<td>Informations<\/td>\n<\/tr>\n<\/thead>\n<tbody>\n<tr>\n<th>Batteries<\/th>\n<td>1 batterie lithium-ion rechargeable LP-E17<\/td>\n<\/tr>\n<tr>\n<th>Autonomie de la batterie<\/th>\n<td>\n<ul>\n<li>Environ 250 (\u00e0 23\u00a0\u00b0C, 50\u00a0% en ambiance, FE 50\u00a0% au flash)[5]<\/li>\n<li>Environ 185 (\u00e0 0\u00a0\u00b0C, 50\u00a0% en ambiance, 50\u00a0% au flash)<\/li>\n<\/ul>\n<\/td>\n<\/tr>\n<tr>\n<th>T\u00e9moin de batterie<\/th>\n<td>Kit adaptateur secteur\u00a0ACK-E17, chargeur de batterie\u00a0LC-E17<\/td>\n<\/tr>\n<tr>\n<th>\u00c9conomie d&rsquo;\u00e9nergie<\/th>\n<td>\n<ul>\n<li>Extinction de l&rsquo;\u00e9cran LCD apr\u00e8s 10, 20 ou 30\u00a0s ou encore 1, 2 ou 3\u00a0min<\/li>\n<li>Arr\u00eat auto<\/li>\n<li>Mode \u00e9conomique<\/li>\n<\/ul>\n<\/td>\n<\/tr>\n<tr>\n<th>Alimentation \u00e9lectrique et chargeur de batterie<\/th>\n<td>Kit adaptateur secteur\u00a0ACK-E17, chargeur de batterie\u00a0LC-E17<\/td>\n<\/tr>\n<\/tbody>\n<\/table>\n<\/div>\n<div class=\"product-specs\">\n<h4 class=\"header-3\">CARACT\u00c9RISTIQUES PHYSIQUES<\/h4>\n<table class=\"table product-spec--table\">\n<thead class=\"visually-hidden\">\n<tr>\n<td>Caract\u00e9ristiques<\/td>\n<td>Informations<\/td>\n<\/tr>\n<\/thead>\n<tbody>\n<tr>\n<th>Mat\u00e9riaux du bo\u00eetier<\/th>\n<td>Acier inoxydable, alliage de magn\u00e9sium, r\u00e9sine de polycarbonate<\/td>\n<\/tr>\n<tr>\n<th>Environnement d\u2019utilisation<\/th>\n<td>0 \u00e0 40\u00a0\u00b0C, 85\u00a0% d&rsquo;humidit\u00e9 maxi<\/td>\n<\/tr>\n<tr>\n<th>Dimensions (L\u00a0\u00d7\u00a0H\u00a0\u00d7\u00a0P)<\/th>\n<td>110,9\u00a0\u00d7\u00a068\u00a0\u00d7\u00a044,4\u00a0mm<\/td>\n<\/tr>\n<tr>\n<th>Poids (bo\u00eetier uniquement)<\/th>\n<td>Environ 366\u00a0g (norme de test CIPA, avec batterie et carte m\u00e9moire)<\/td>\n<\/tr>\n<\/tbody>\n<\/table>\n<\/div>\n<div class=\"product-specs\">\n<h4 class=\"header-3\">ACCESSOIRES<\/h4>\n<table class=\"table product-spec--table\">\n<thead class=\"visually-hidden\">\n<tr>\n<td>Caract\u00e9ristiques<\/td>\n<td>Informations<\/td>\n<\/tr>\n<\/thead>\n<tbody>\n<tr>\n<th>Viseur<\/th>\n<td>\n<ul>\n<li>Viseur \u00e9lectronique EVF-DC1 en option<\/li>\n<li>(type\u00a00,48), ratio d&rsquo;aspect 4:3, environ 2.360.000\u00a0pixels, 100\u00a0% de couverture<\/li>\n<\/ul>\n<\/td>\n<\/tr>\n<tr>\n<th>\u00c9tuis\/dragonnes<\/th>\n<td>\n<ul>\n<li>\u00c9tui pour bo\u00eetier EH27-CJ<\/li>\n<li>Courroie de cou EM-E2<\/li>\n<\/ul>\n<\/td>\n<\/tr>\n<tr>\n<th>Objectifs<\/th>\n<td>EF-M (objectifs EF et EF-S compatibles via la bague d&rsquo;adaptation EF-EOS M)<\/td>\n<\/tr>\n<tr>\n<th>Flash<\/th>\n<td>\n<ul>\n<li>Flashes Canon Speedlite (y compris 90EX, 270EX\u00a0II, 320EX, 430EX\u00a0II, 580EX\u00a0II, 600EX, 600EX-RT, flash annulaire MacroLite MR-14EX\u00a0II, flash Macro \u00e0 Double R\u00e9flecteur MT-24EX, transmetteur Speedlite ST-E2, transmetteur Speedlite ST-E3-RT)<\/li>\n<li>Adaptateur sabot TTL externe OC-E3, barrette Speedlite SB-E2<\/li>\n<\/ul>\n<\/td>\n<\/tr>\n<tr>\n<th>T\u00e9l\u00e9commande<\/th>\n<td>T\u00e9l\u00e9commande RC-6<\/td>\n<\/tr>\n<tr>\n<th>Autres<\/th>\n<td>\n<ul>\n<li>C\u00e2ble d&rsquo;interface IFC-400PCU<\/li>\n<li>C\u00e2ble HDMI HTC-DC100<\/li>\n<\/ul>\n<\/td>\n<\/tr>\n<\/tbody>\n<\/table>\n<\/div>\n<a class=\"synved-social-button synved-social-button-share synved-social-size-32 synved-social-resolution-single synved-social-provider-facebook nolightbox\" data-provider=\"facebook\" target=\"_blank\" rel=\"nofollow\" title=\"Share on Facebook\" href=\"https:\/\/www.facebook.com\/sharer.php?u=https%3A%2F%2Fwww.devicemanuals.eu%2Ffr%2Fwp-json%2Fwp%2Fv2%2Fposts%2F1271&#038;t=Canon%20EOS%20M3%20%2B%20objectif%20EF-M%2018-55%20mm%20IS%20STM&#038;s=100&#038;p&#091;url&#093;=https%3A%2F%2Fwww.devicemanuals.eu%2Ffr%2Fwp-json%2Fwp%2Fv2%2Fposts%2F1271&#038;p&#091;images&#093;&#091;0&#093;=https%3A%2F%2Fwww.devicemanuals.eu%2Ffr%2Fwp-content%2Fuploads%2F2016%2F04%2Fm3.png&#038;p&#091;title&#093;=Canon%20EOS%20M3%20%2B%20objectif%20EF-M%2018-55%20mm%20IS%20STM\" style=\"font-size: 0px;width:32px;height:32px;margin:0;margin-bottom:5px;margin-right:5px\"><img loading=\"lazy\" decoding=\"async\" alt=\"Facebook\" title=\"Share on Facebook\" class=\"synved-share-image synved-social-image synved-social-image-share\" width=\"32\" height=\"32\" style=\"display: inline;width:32px;height:32px;margin: 0;padding: 0;border: none;box-shadow: none\" src=\"https:\/\/www.devicemanuals.eu\/fr\/wp-content\/plugins\/social-media-feather\/synved-social\/image\/social\/regular\/64x64\/facebook.png\" \/><\/a><a class=\"synved-social-button synved-social-button-share synved-social-size-32 synved-social-resolution-single synved-social-provider-twitter nolightbox\" data-provider=\"twitter\" target=\"_blank\" rel=\"nofollow\" title=\"Share on Twitter\" href=\"https:\/\/twitter.com\/intent\/tweet?url=https%3A%2F%2Fwww.devicemanuals.eu%2Ffr%2Fwp-json%2Fwp%2Fv2%2Fposts%2F1271&#038;text=Hey%20check%20this%20out\" style=\"font-size: 0px;width:32px;height:32px;margin:0;margin-bottom:5px;margin-right:5px\"><img loading=\"lazy\" decoding=\"async\" alt=\"twitter\" title=\"Share on Twitter\" class=\"synved-share-image synved-social-image synved-social-image-share\" width=\"32\" height=\"32\" style=\"display: inline;width:32px;height:32px;margin: 0;padding: 0;border: none;box-shadow: none\" src=\"https:\/\/www.devicemanuals.eu\/fr\/wp-content\/plugins\/social-media-feather\/synved-social\/image\/social\/regular\/64x64\/twitter.png\" \/><\/a><a class=\"synved-social-button synved-social-button-share synved-social-size-32 synved-social-resolution-single synved-social-provider-reddit nolightbox\" data-provider=\"reddit\" target=\"_blank\" rel=\"nofollow\" title=\"Share on Reddit\" href=\"https:\/\/www.reddit.com\/submit?url=https%3A%2F%2Fwww.devicemanuals.eu%2Ffr%2Fwp-json%2Fwp%2Fv2%2Fposts%2F1271&#038;title=Canon%20EOS%20M3%20%2B%20objectif%20EF-M%2018-55%20mm%20IS%20STM\" style=\"font-size: 0px;width:32px;height:32px;margin:0;margin-bottom:5px;margin-right:5px\"><img loading=\"lazy\" decoding=\"async\" alt=\"reddit\" title=\"Share on Reddit\" class=\"synved-share-image synved-social-image synved-social-image-share\" width=\"32\" height=\"32\" style=\"display: inline;width:32px;height:32px;margin: 0;padding: 0;border: none;box-shadow: none\" src=\"https:\/\/www.devicemanuals.eu\/fr\/wp-content\/plugins\/social-media-feather\/synved-social\/image\/social\/regular\/64x64\/reddit.png\" \/><\/a><a class=\"synved-social-button synved-social-button-share synved-social-size-32 synved-social-resolution-single synved-social-provider-pinterest nolightbox\" data-provider=\"pinterest\" target=\"_blank\" rel=\"nofollow\" title=\"Pin it with Pinterest\" href=\"https:\/\/pinterest.com\/pin\/create\/button\/?url=https%3A%2F%2Fwww.devicemanuals.eu%2Ffr%2Fwp-json%2Fwp%2Fv2%2Fposts%2F1271&#038;media=https%3A%2F%2Fwww.devicemanuals.eu%2Ffr%2Fwp-content%2Fuploads%2F2016%2F04%2Fm3.png&#038;description=Canon%20EOS%20M3%20%2B%20objectif%20EF-M%2018-55%20mm%20IS%20STM\" style=\"font-size: 0px;width:32px;height:32px;margin:0;margin-bottom:5px;margin-right:5px\"><img loading=\"lazy\" decoding=\"async\" alt=\"pinterest\" title=\"Pin it with Pinterest\" class=\"synved-share-image synved-social-image synved-social-image-share\" width=\"32\" height=\"32\" style=\"display: inline;width:32px;height:32px;margin: 0;padding: 0;border: none;box-shadow: none\" src=\"https:\/\/www.devicemanuals.eu\/fr\/wp-content\/plugins\/social-media-feather\/synved-social\/image\/social\/regular\/64x64\/pinterest.png\" \/><\/a><a class=\"synved-social-button synved-social-button-share synved-social-size-32 synved-social-resolution-single synved-social-provider-linkedin nolightbox\" data-provider=\"linkedin\" target=\"_blank\" rel=\"nofollow\" title=\"Share on Linkedin\" href=\"https:\/\/www.linkedin.com\/shareArticle?mini=true&#038;url=https%3A%2F%2Fwww.devicemanuals.eu%2Ffr%2Fwp-json%2Fwp%2Fv2%2Fposts%2F1271&#038;title=Canon%20EOS%20M3%20%2B%20objectif%20EF-M%2018-55%20mm%20IS%20STM\" style=\"font-size: 0px;width:32px;height:32px;margin:0;margin-bottom:5px;margin-right:5px\"><img loading=\"lazy\" decoding=\"async\" alt=\"linkedin\" title=\"Share on Linkedin\" class=\"synved-share-image synved-social-image synved-social-image-share\" width=\"32\" height=\"32\" style=\"display: inline;width:32px;height:32px;margin: 0;padding: 0;border: none;box-shadow: none\" src=\"https:\/\/www.devicemanuals.eu\/fr\/wp-content\/plugins\/social-media-feather\/synved-social\/image\/social\/regular\/64x64\/linkedin.png\" \/><\/a><a class=\"synved-social-button synved-social-button-share synved-social-size-32 synved-social-resolution-single synved-social-provider-mail nolightbox\" data-provider=\"mail\" rel=\"nofollow\" title=\"Share by email\" href=\"mailto:?subject=Canon%20EOS%20M3%20%2B%20objectif%20EF-M%2018-55%20mm%20IS%20STM&#038;body=Hey%20check%20this%20out:%20https%3A%2F%2Fwww.devicemanuals.eu%2Ffr%2Fwp-json%2Fwp%2Fv2%2Fposts%2F1271\" style=\"font-size: 0px;width:32px;height:32px;margin:0;margin-bottom:5px\"><img loading=\"lazy\" decoding=\"async\" alt=\"mail\" title=\"Share by email\" class=\"synved-share-image synved-social-image synved-social-image-share\" width=\"32\" height=\"32\" style=\"display: inline;width:32px;height:32px;margin: 0;padding: 0;border: none;box-shadow: none\" src=\"https:\/\/www.devicemanuals.eu\/fr\/wp-content\/plugins\/social-media-feather\/synved-social\/image\/social\/regular\/64x64\/mail.png\" \/><\/a>","protected":false},"excerpt":{"rendered":"<p>R\u00e9alisez de superbes photos o\u00f9 que vous soyez, l&rsquo;EOS M3 allie les performances d&rsquo;un reflex num\u00e9rique et la portabilit\u00e9 d&rsquo;un appareil photo compact. T\u00e9l\u00e9charger le mode d\u2019emploi\u00a0 Canon EOS M3 \u2013\u00a0gratuitement au format PDF: EOS_M3_FR CAPTEUR D&rsquo;IMAGE Caract\u00e9ristiques Informations Type CMOS 22,3\u00a0\u00d7\u00a014,9\u00a0mm Nombre de pixels effectifs Environ 24,2\u00a0millions de pixels Nombre total de pixels Environ&hellip;&nbsp;<\/p>\n","protected":false},"author":1,"featured_media":1272,"comment_status":"open","ping_status":"open","sticky":false,"template":"","format":"standard","meta":{"neve_meta_sidebar":"","neve_meta_container":"","neve_meta_enable_content_width":"","neve_meta_content_width":0,"neve_meta_title_alignment":"","neve_meta_author_avatar":"","neve_post_elements_order":"","neve_meta_disable_header":"","neve_meta_disable_footer":"","neve_meta_disable_title":"","footnotes":""},"categories":[151],"tags":[98,176,177,164,100],"class_list":["post-1271","post","type-post","status-publish","format-standard","has-post-thumbnail","hentry","category-canon","tag-appareil-photo","tag-appareils-photo-hybrides","tag-digic-6","tag-eos","tag-wi-fi"],"_links":{"self":[{"href":"https:\/\/www.devicemanuals.eu\/fr\/wp-json\/wp\/v2\/posts\/1271","targetHints":{"allow":["GET"]}}],"collection":[{"href":"https:\/\/www.devicemanuals.eu\/fr\/wp-json\/wp\/v2\/posts"}],"about":[{"href":"https:\/\/www.devicemanuals.eu\/fr\/wp-json\/wp\/v2\/types\/post"}],"author":[{"embeddable":true,"href":"https:\/\/www.devicemanuals.eu\/fr\/wp-json\/wp\/v2\/users\/1"}],"replies":[{"embeddable":true,"href":"https:\/\/www.devicemanuals.eu\/fr\/wp-json\/wp\/v2\/comments?post=1271"}],"version-history":[{"count":2,"href":"https:\/\/www.devicemanuals.eu\/fr\/wp-json\/wp\/v2\/posts\/1271\/revisions"}],"predecessor-version":[{"id":1275,"href":"https:\/\/www.devicemanuals.eu\/fr\/wp-json\/wp\/v2\/posts\/1271\/revisions\/1275"}],"wp:featuredmedia":[{"embeddable":true,"href":"https:\/\/www.devicemanuals.eu\/fr\/wp-json\/wp\/v2\/media\/1272"}],"wp:attachment":[{"href":"https:\/\/www.devicemanuals.eu\/fr\/wp-json\/wp\/v2\/media?parent=1271"}],"wp:term":[{"taxonomy":"category","embeddable":true,"href":"https:\/\/www.devicemanuals.eu\/fr\/wp-json\/wp\/v2\/categories?post=1271"},{"taxonomy":"post_tag","embeddable":true,"href":"https:\/\/www.devicemanuals.eu\/fr\/wp-json\/wp\/v2\/tags?post=1271"}],"curies":[{"name":"wp","href":"https:\/\/api.w.org\/{rel}","templated":true}]}}