{"id":2794,"date":"2024-01-29T09:38:40","date_gmt":"2024-01-29T08:38:40","guid":{"rendered":"https:\/\/www.devicemanuals.eu\/fr\/?p=2794"},"modified":"2024-01-29T09:38:40","modified_gmt":"2024-01-29T08:38:40","slug":"seche-linge-bosch-wtn85v08ff-notice-dutilisation-et-dinstallation","status":"publish","type":"post","link":"https:\/\/www.devicemanuals.eu\/fr\/seche-linge-bosch-wtn85v08ff-notice-dutilisation-et-dinstallation\/2794\/","title":{"rendered":"S\u00e8che-linge Bosch WTN85V08FF Notice d&rsquo;utilisation et d&rsquo;installation"},"content":{"rendered":"<h2>S\u00e9rie 4 S\u00e8che-linge \u00e0 condensation 8 kg<\/h2>\n<figure id=\"attachment_2795\" aria-describedby=\"caption-attachment-2795\" style=\"width: 225px\" class=\"wp-caption alignnone\"><a href=\"https:\/\/www.devicemanuals.eu\/fr\/wp-content\/uploads\/2024\/01\/WTN85V08FF.webp\"><img loading=\"lazy\" decoding=\"async\" class=\"size-medium wp-image-2795\" src=\"https:\/\/www.devicemanuals.eu\/fr\/wp-content\/uploads\/2024\/01\/WTN85V08FF-225x300.webp\" alt=\"Bosch Serie 4 WTN85V08FF\" width=\"225\" height=\"300\" srcset=\"https:\/\/www.devicemanuals.eu\/fr\/wp-content\/uploads\/2024\/01\/WTN85V08FF-225x300.webp 225w, https:\/\/www.devicemanuals.eu\/fr\/wp-content\/uploads\/2024\/01\/WTN85V08FF-768x1024.webp 768w, https:\/\/www.devicemanuals.eu\/fr\/wp-content\/uploads\/2024\/01\/WTN85V08FF-1152x1536.webp 1152w, https:\/\/www.devicemanuals.eu\/fr\/wp-content\/uploads\/2024\/01\/WTN85V08FF.webp 1500w\" sizes=\"auto, (max-width: 225px) 100vw, 225px\" \/><\/a><figcaption id=\"caption-attachment-2795\" class=\"wp-caption-text\">Bosch Serie 4 WTN85V08FF<\/figcaption><\/figure>\n<h3>Manuel d\u2019utilisation \u00e0 t\u00e9l\u00e9charger en PDF: <a href=\"https:\/\/www.devicemanuals.eu\/fr\/wp-content\/uploads\/2024\/01\/WTN85V08FF.pdf\">WTN85V08FF<\/a><\/h3>\n<ul>\n<li>Auto Dry: s\u00e8che automatiquement et pr\u00e9cis\u00e9ment votre linge, comme vous l&rsquo;aimez.<\/li>\n<li>Design Anti Vibration: une protection anti-vibrations pour plus de stabilit\u00e9 et de confort sonore.<\/li>\n<li>Syst\u00e8me Sensitive Drying: un s\u00e9chage tout en douceur pour \u00e9viter de froisser le linge.<\/li>\n<li>Programme Allergie Plus: con\u00e7u pour les personnes \u00e0 la peau fragile et allergiques.<\/li>\n<li>Syst\u00e8me de s\u00e9chage sensitif: r\u00e9sultat homog\u00e8ne, plis minimis\u00e9s gr\u00e2ce \u00e0 une structure de tambour sp\u00e9ciale.<\/li>\n<\/ul>\n<p>&nbsp;<\/p>\n<h2>Informations produit<\/h2>\n<h3>\nG\u00e9n\u00e9ral<\/h3>\n<div class=\"technical-info-content-wrap js-technical-info-content-wrap\">\n<div class=\"technical-info-item-wrap js-technical-info-item-wrap\">\n<div class=\"technical-info-item js-technical-info-item\">\n<p class=\"technical-info-item-heading js-search-text\">Type de s\u00e9chage<\/p>\n<p class=\"technical-info-item-content js-search-text\">Condensation<\/p>\n<\/div>\n<div class=\"technical-info-item js-technical-info-item\">\n<p class=\"technical-info-item-heading js-search-text\">Pompe \u00e0 chaleur<\/p>\n<p class=\"technical-info-item-content js-search-text\">non<\/p>\n<\/div>\n<div class=\"technical-info-item js-technical-info-item\">\n<p class=\"technical-info-item-heading js-search-text\">Capacit\u00e9 de chargement<\/p>\n<p class=\"technical-info-item-content js-search-text\">8,0 kg<\/p>\n<\/div>\n<div class=\"technical-info-item js-technical-info-item\">\n<p class=\"technical-info-item-heading js-search-text\">Couleur et finition<\/p>\n<p class=\"technical-info-item-content js-search-text\">Blanc<\/p>\n<\/div>\n<div class=\"technical-info-item js-technical-info-item\">\n<p class=\"technical-info-item-heading js-search-text\">Type de tambour<\/p>\n<p class=\"technical-info-item-content js-search-text\">Oui<\/p>\n<\/div>\n<div class=\"technical-info-item js-technical-info-item\">\n<p class=\"technical-info-item-heading js-search-text\">Charni\u00e8re de porte<\/p>\n<p class=\"technical-info-item-content js-search-text\">\u00c0 droite<\/p>\n<\/div>\n<div class=\"technical-info-item js-technical-info-item\">\n<p class=\"technical-info-item-heading js-search-text\">Syst\u00e8me de commandes<\/p>\n<p class=\"technical-info-item-content js-search-text\">LCD, touche<\/p>\n<\/div>\n<div class=\"technical-info-item js-technical-info-item\">\n<p class=\"technical-info-item-heading js-search-text\">Autres options possibles<\/p>\n<p class=\"technical-info-item-content js-search-text\">Allergie Plus \/ Hygi\u00e8ne, Chemises 15 min, Duvet, Express 40 min, Finition laine, Minuterie air chaud, Minuterie air froid, Mix, Textiles sport<\/p>\n<\/div>\n<div class=\"technical-info-item js-technical-info-item\">\n<p class=\"technical-info-item-heading js-search-text\">Niveau sonore<\/p>\n<p class=\"technical-info-item-content js-search-text\">65 dB(A) re 1 pW<\/p>\n<\/div>\n<div class=\"technical-info-item js-technical-info-item\">\n<p class=\"technical-info-item-heading js-search-text\">Classe d&rsquo;efficacit\u00e9 \u00e9nerg\u00e9tique<sup class=\"js-footnote-reference-number\">2<\/sup><\/p>\n<p class=\"technical-info-item-content js-search-text\">B<\/p>\n<\/div>\n<div class=\"technical-info-item js-technical-info-item\">\n<p class=\"technical-info-item-heading js-search-text\">Classe d&rsquo;efficacit\u00e9 de condensation<sup class=\"js-footnote-reference-number\">3<\/sup><\/p>\n<p class=\"technical-info-item-content js-search-text\">B<\/p>\n<\/div>\n<div class=\"technical-info-item js-technical-info-item\">\n<p class=\"technical-info-item-heading js-search-text\">Puissance de raccordement<\/p>\n<p class=\"technical-info-item-content js-search-text\">2\u00a0800 W<\/p>\n<\/div>\n<div class=\"technical-info-item js-technical-info-item\">\n<p class=\"technical-info-item-heading js-search-text\">Tuyau d&rsquo;\u00e9vacuation d&rsquo;eau<\/p>\n<p class=\"technical-info-item-content js-search-text\">Oui<\/p>\n<\/div>\n<div class=\"technical-info-item js-technical-info-item\">\n<p class=\"technical-info-item-heading js-search-text\">Tuyau d&rsquo;\u00e9vacuation d&rsquo;eau<\/p>\n<p><i class=\"icon icon-info-circle\" data-layer-id=\"technical-item-G\u00e9n\u00e9ral-15932519\"><\/i><\/p>\n<p class=\"technical-info-item-content js-search-text\">Oui<\/p>\n<\/div>\n<\/div>\n<\/div>\n<div class=\"technical-info-content-wrap js-technical-info-content-wrap\">\n<div class=\"technical-info-sub-heading-wrap js-technical-info-sub-heading-wrap\">\n<h2 class=\"a-heading technical-info-sub-heading\">Dimensions<\/h2>\n<\/div>\n<div class=\"technical-info-item-wrap js-technical-info-item-wrap\">\n<div class=\"technical-info-item js-technical-info-item\">\n<p class=\"technical-info-item-heading js-search-text\">Dimensions appareil H x L x P<\/p>\n<p class=\"technical-info-item-content js-search-text\">842 x 598 x 613 mm<\/p>\n<\/div>\n<div class=\"technical-info-item js-technical-info-item\">\n<p class=\"technical-info-item-heading js-search-text\">Profondeur porte ouverte \u00e0 90\u00b0<\/p>\n<p class=\"technical-info-item-content js-search-text\">1\u00a0105 mm<\/p>\n<\/div>\n<div class=\"technical-info-item js-technical-info-item\">\n<p class=\"technical-info-item-heading js-search-text\">Volume du tambour<\/p>\n<p class=\"technical-info-item-content js-search-text\">112 l<\/p>\n<\/div>\n<div class=\"technical-info-item js-technical-info-item\">\n<p class=\"technical-info-item-heading js-search-text\">Top amovible<\/p>\n<p class=\"technical-info-item-content js-search-text\">non<\/p>\n<\/div>\n<div class=\"technical-info-item js-technical-info-item\">\n<p class=\"technical-info-item-heading js-search-text\">Tuyau d&rsquo;\u00e9vacuation de l&rsquo;air<\/p>\n<p class=\"technical-info-item-content js-search-text\">non<\/p>\n<\/div>\n<div class=\"technical-info-item js-technical-info-item\">\n<p class=\"technical-info-item-heading js-search-text\">R\u00e9glage maximum de la hauteur des pieds<\/p>\n<p class=\"technical-info-item-content js-search-text\">15 mm<\/p>\n<\/div>\n<div class=\"technical-info-item js-technical-info-item\">\n<p class=\"technical-info-item-heading js-search-text\">Poids net<\/p>\n<p class=\"technical-info-item-content js-search-text\">41,3 kg<\/p>\n<\/div>\n<div class=\"technical-info-item js-technical-info-item\">\n<p class=\"technical-info-item-heading js-search-text\">Longueur du cordon \u00e9lectrique<\/p>\n<p class=\"technical-info-item-content js-search-text\">145,0 cm<\/p>\n<\/div>\n<div class=\"technical-info-item technical-info-dimension-drawing\">\n<p class=\"technical-info-item-heading js-search-text\">Dimensions<\/p>\n<div class=\"js-mediagallery m-mediagallery \" data-t-name=\"MediaGallery\" data-gallery-layer-id=\"\" data-product-media-interaction-tracking=\"true\" data-t-id=\"154\">\n<div class=\"mediagallery-wrapper \"><\/div>\n<\/div>\n<\/div>\n<\/div>\n<\/div>\n<div class=\"technical-info-content-wrap js-technical-info-content-wrap\">\n<div class=\"icon icon-arrow-down icon-s js-icon-arrow-down\"><\/div>\n<\/div>\n<div class=\"technical-info-content-wrap js-technical-info-content-wrap\">\n<div class=\"technical-info-sub-heading-wrap js-technical-info-sub-heading-wrap\">\n<h2 class=\"a-heading technical-info-sub-heading\">Fonctionnalit\u00e9s de confort<\/h2>\n<\/div>\n<div class=\"technical-info-item-wrap js-technical-info-item-wrap\">\n<div class=\"technical-info-item js-technical-info-item\">\n<p class=\"technical-info-item-heading js-search-text\">Eclairage int\u00e9rieur<\/p>\n<p><i class=\"icon icon-info-circle\" data-layer-id=\"technical-item-Fonctionnalit\u00e9s de confort-16097816\"><\/i><\/p>\n<p class=\"technical-info-item-content js-search-text\">non<\/p>\n<\/div>\n<div class=\"technical-info-item js-technical-info-item\">\n<p class=\"technical-info-item-heading js-search-text\">Extra silencieux<\/p>\n<p class=\"technical-info-item-content js-search-text\">non<\/p>\n<\/div>\n<div class=\"technical-info-item js-technical-info-item\">\n<p class=\"technical-info-item-heading js-search-text\">AutoDry &#8211; S\u00e9chage pr\u00e9cis tout en douceur<\/p>\n<p><i class=\"icon icon-info-circle\" data-layer-id=\"technical-item-Fonctionnalit\u00e9s de confort-11712672\"><\/i><\/p>\n<p class=\"technical-info-item-content js-search-text\">Oui<\/p>\n<\/div>\n<div class=\"technical-info-item js-technical-info-item\">\n<p class=\"technical-info-item-heading js-search-text\">Smart Dry<\/p>\n<p><i class=\"icon icon-info-circle\" data-layer-id=\"technical-item-Fonctionnalit\u00e9s de confort-10603645\"><\/i><\/p>\n<p class=\"technical-info-item-content js-search-text\">non<\/p>\n<\/div>\n<div class=\"technical-info-item js-technical-info-item\">\n<p class=\"technical-info-item-heading js-search-text\">Iron Assist : programme de d\u00e9foissage vapeur<\/p>\n<p class=\"technical-info-item-content js-search-text\">non<\/p>\n<\/div>\n<div class=\"technical-info-item js-technical-info-item\">\n<p class=\"technical-info-item-heading js-search-text\">Programme Express 15 min.<\/p>\n<p class=\"technical-info-item-content js-search-text\">Oui<\/p>\n<\/div>\n<div class=\"technical-info-item js-technical-info-item\">\n<p class=\"technical-info-item-heading js-search-text\">Express 40 min<\/p>\n<p><i class=\"icon icon-info-circle\" data-layer-id=\"technical-item-Fonctionnalit\u00e9s de confort-16098394\"><\/i><\/p>\n<p class=\"technical-info-item-content js-search-text\">Oui<\/p>\n<\/div>\n<div class=\"technical-info-item js-technical-info-item\">\n<p class=\"technical-info-item-heading js-search-text\">Option Fin diff\u00e9r\u00e9e<\/p>\n<p class=\"technical-info-item-content js-search-text\">Oui<\/p>\n<\/div>\n<div class=\"technical-info-item js-technical-info-item\">\n<p class=\"technical-info-item-heading js-search-text\">Rotation altern\u00e9e du tambour<\/p>\n<p class=\"technical-info-item-content js-search-text\">non<\/p>\n<\/div>\n<div class=\"technical-info-item js-technical-info-item\">\n<p class=\"technical-info-item-heading js-search-text\">Auto Clean &#8211; Fini le nettoyage du filtre de porte<\/p>\n<p><i class=\"icon icon-info-circle\" data-layer-id=\"technical-item-Fonctionnalit\u00e9s de confort-10603646\"><\/i><\/p>\n<p class=\"technical-info-item-content js-search-text\">non<\/p>\n<\/div>\n<div class=\"technical-info-item js-technical-info-item\">\n<p class=\"technical-info-item-heading js-search-text\">Self Cleaning Condenser &#8211; Nettoyage automatique du condenseur<\/p>\n<p><i class=\"icon icon-info-circle\" data-layer-id=\"technical-item-Fonctionnalit\u00e9s de confort-16158877\"><\/i><\/p>\n<p class=\"technical-info-item-content js-search-text\">non<\/p>\n<\/div>\n<div class=\"technical-info-item js-technical-info-item\">\n<p class=\"technical-info-item-heading js-search-text\">D\u00e9froissage vapeur<\/p>\n<p><i class=\"icon icon-info-circle\" data-layer-id=\"technical-item-Fonctionnalit\u00e9s de confort-10603647\"><\/i><\/p>\n<p class=\"technical-info-item-content js-search-text\">non<\/p>\n<\/div>\n<div class=\"technical-info-item js-technical-info-item\">\n<p class=\"technical-info-item-heading js-search-text\">Syst\u00e8me de contr\u00f4le d&rsquo;humidit\u00e9<\/p>\n<p class=\"technical-info-item-content js-search-text\">Auto par d\u00e9tect. humidit\u00e9<\/p>\n<\/div>\n<div class=\"technical-info-item js-technical-info-item\">\n<p class=\"technical-info-item-heading js-search-text\">Indicateur de d\u00e9roulement de cycle<\/p>\n<p class=\"technical-info-item-content js-search-text\">Ecran LED<\/p>\n<\/div>\n<div class=\"technical-info-item js-technical-info-item\">\n<p class=\"technical-info-item-heading js-search-text\">Indicateur de saturation du filtre<\/p>\n<p class=\"technical-info-item-content js-search-text\">Oui<\/p>\n<\/div>\n<div class=\"technical-info-item js-technical-info-item\">\n<p class=\"technical-info-item-heading js-search-text\">Voyant r\u00e9servoir d&rsquo;eau de condensation plein<\/p>\n<p class=\"technical-info-item-content js-search-text\">Oui<\/p>\n<\/div>\n<div class=\"technical-info-item js-technical-info-item\">\n<p class=\"technical-info-item-heading js-search-text\">S\u00e9lecteur du temps de s\u00e9chage<\/p>\n<p class=\"technical-info-item-content js-search-text\">non<\/p>\n<\/div>\n<div class=\"technical-info-item js-technical-info-item\">\n<p class=\"technical-info-item-heading js-search-text\">Temp\u00e9rature de s\u00e9chage r\u00e9glable<\/p>\n<p class=\"technical-info-item-content js-search-text\">Oui<\/p>\n<\/div>\n<div class=\"technical-info-item js-technical-info-item\">\n<p class=\"technical-info-item-heading js-search-text\">Rajout de linge en cours de cycle<\/p>\n<p><i class=\"icon icon-info-circle\" data-layer-id=\"technical-item-Fonctionnalit\u00e9s de confort-10603515\"><\/i><\/p>\n<p class=\"technical-info-item-content js-search-text\">Oui<\/p>\n<\/div>\n<div class=\"technical-info-item js-technical-info-item\">\n<p class=\"technical-info-item-heading js-search-text\">Parois anti-vibrations<\/p>\n<p class=\"technical-info-item-content js-search-text\">Oui<\/p>\n<\/div>\n<div class=\"technical-info-item js-technical-info-item\">\n<p class=\"technical-info-item-heading js-search-text\">Possibilit\u00e9 de mettre au-dessus d&rsquo;un lave-linge<\/p>\n<p class=\"technical-info-item-content js-search-text\">Oui<\/p>\n<\/div>\n<div class=\"technical-info-item js-technical-info-item\">\n<p class=\"technical-info-item-heading js-search-text\">Indicateur de fin de cycle<\/p>\n<p class=\"technical-info-item-content js-search-text\">Acoustique, Ecran LED<\/p>\n<\/div>\n<div class=\"technical-info-item js-technical-info-item\">\n<p class=\"technical-info-item-heading js-search-text\">Filtre \u00e0 peluches<\/p>\n<p class=\"technical-info-item-content js-search-text\">Oui<\/p>\n<\/div>\n<\/div>\n<div class=\"icon icon-arrow-down icon-s js-icon-arrow-down\"><\/div>\n<\/div>\n<div class=\"technical-info-content-wrap js-technical-info-content-wrap\">\n<div class=\"technical-info-sub-heading-wrap js-technical-info-sub-heading-wrap\">\n<h2 class=\"a-heading technical-info-sub-heading\">Programmes<\/h2>\n<\/div>\n<div class=\"technical-info-item-wrap js-technical-info-item-wrap\">\n<div class=\"technical-info-item js-technical-info-item\">\n<p class=\"technical-info-item-heading js-search-text\">Option d\u00e9licat<\/p>\n<p class=\"technical-info-item-content js-search-text\">D\u00e9licat<\/p>\n<\/div>\n<div class=\"technical-info-item js-technical-info-item\">\n<p class=\"technical-info-item-heading js-search-text\">AllergiePlus<\/p>\n<p><i class=\"icon icon-info-circle\" data-layer-id=\"technical-item-Programmes-10603316\"><\/i><\/p>\n<p class=\"technical-info-item-content js-search-text\">Oui<\/p>\n<\/div>\n<div class=\"technical-info-item js-technical-info-item\">\n<p class=\"technical-info-item-heading js-search-text\">Textiles sport<\/p>\n<p class=\"technical-info-item-content js-search-text\">Oui<\/p>\n<\/div>\n<\/div>\n<\/div>\n<a class=\"synved-social-button synved-social-button-share synved-social-size-32 synved-social-resolution-single synved-social-provider-facebook nolightbox\" data-provider=\"facebook\" target=\"_blank\" rel=\"nofollow\" title=\"Share on Facebook\" href=\"https:\/\/www.facebook.com\/sharer.php?u=https%3A%2F%2Fwww.devicemanuals.eu%2Ffr%2Fwp-json%2Fwp%2Fv2%2Fposts%2F2794&#038;t=S%C3%A8che-linge%20Bosch%20WTN85V08FF%20Notice%20d%E2%80%99utilisation%20et%20d%E2%80%99installation&#038;s=100&#038;p&#091;url&#093;=https%3A%2F%2Fwww.devicemanuals.eu%2Ffr%2Fwp-json%2Fwp%2Fv2%2Fposts%2F2794&#038;p&#091;images&#093;&#091;0&#093;=https%3A%2F%2Fwww.devicemanuals.eu%2Ffr%2Fwp-content%2Fuploads%2F2024%2F01%2FWTN85V08FF.webp&#038;p&#091;title&#093;=S%C3%A8che-linge%20Bosch%20WTN85V08FF%20Notice%20d%E2%80%99utilisation%20et%20d%E2%80%99installation\" style=\"font-size: 0px;width:32px;height:32px;margin:0;margin-bottom:5px;margin-right:5px\"><img loading=\"lazy\" decoding=\"async\" alt=\"Facebook\" title=\"Share on Facebook\" class=\"synved-share-image synved-social-image synved-social-image-share\" width=\"32\" height=\"32\" style=\"display: inline;width:32px;height:32px;margin: 0;padding: 0;border: none;box-shadow: none\" src=\"https:\/\/www.devicemanuals.eu\/fr\/wp-content\/plugins\/social-media-feather\/synved-social\/image\/social\/regular\/64x64\/facebook.png\" \/><\/a><a class=\"synved-social-button synved-social-button-share synved-social-size-32 synved-social-resolution-single synved-social-provider-twitter nolightbox\" data-provider=\"twitter\" target=\"_blank\" rel=\"nofollow\" title=\"Share on Twitter\" href=\"https:\/\/twitter.com\/intent\/tweet?url=https%3A%2F%2Fwww.devicemanuals.eu%2Ffr%2Fwp-json%2Fwp%2Fv2%2Fposts%2F2794&#038;text=Hey%20check%20this%20out\" style=\"font-size: 0px;width:32px;height:32px;margin:0;margin-bottom:5px;margin-right:5px\"><img loading=\"lazy\" decoding=\"async\" alt=\"twitter\" title=\"Share on Twitter\" class=\"synved-share-image synved-social-image synved-social-image-share\" width=\"32\" height=\"32\" style=\"display: inline;width:32px;height:32px;margin: 0;padding: 0;border: none;box-shadow: none\" src=\"https:\/\/www.devicemanuals.eu\/fr\/wp-content\/plugins\/social-media-feather\/synved-social\/image\/social\/regular\/64x64\/twitter.png\" \/><\/a><a class=\"synved-social-button synved-social-button-share synved-social-size-32 synved-social-resolution-single synved-social-provider-reddit nolightbox\" data-provider=\"reddit\" target=\"_blank\" rel=\"nofollow\" title=\"Share on Reddit\" href=\"https:\/\/www.reddit.com\/submit?url=https%3A%2F%2Fwww.devicemanuals.eu%2Ffr%2Fwp-json%2Fwp%2Fv2%2Fposts%2F2794&#038;title=S%C3%A8che-linge%20Bosch%20WTN85V08FF%20Notice%20d%E2%80%99utilisation%20et%20d%E2%80%99installation\" style=\"font-size: 0px;width:32px;height:32px;margin:0;margin-bottom:5px;margin-right:5px\"><img loading=\"lazy\" decoding=\"async\" alt=\"reddit\" title=\"Share on Reddit\" class=\"synved-share-image synved-social-image synved-social-image-share\" width=\"32\" height=\"32\" style=\"display: inline;width:32px;height:32px;margin: 0;padding: 0;border: none;box-shadow: none\" src=\"https:\/\/www.devicemanuals.eu\/fr\/wp-content\/plugins\/social-media-feather\/synved-social\/image\/social\/regular\/64x64\/reddit.png\" \/><\/a><a class=\"synved-social-button synved-social-button-share synved-social-size-32 synved-social-resolution-single synved-social-provider-pinterest nolightbox\" data-provider=\"pinterest\" target=\"_blank\" rel=\"nofollow\" title=\"Pin it with Pinterest\" href=\"https:\/\/pinterest.com\/pin\/create\/button\/?url=https%3A%2F%2Fwww.devicemanuals.eu%2Ffr%2Fwp-json%2Fwp%2Fv2%2Fposts%2F2794&#038;media=https%3A%2F%2Fwww.devicemanuals.eu%2Ffr%2Fwp-content%2Fuploads%2F2024%2F01%2FWTN85V08FF.webp&#038;description=S%C3%A8che-linge%20Bosch%20WTN85V08FF%20Notice%20d%E2%80%99utilisation%20et%20d%E2%80%99installation\" style=\"font-size: 0px;width:32px;height:32px;margin:0;margin-bottom:5px;margin-right:5px\"><img loading=\"lazy\" decoding=\"async\" alt=\"pinterest\" title=\"Pin it with Pinterest\" class=\"synved-share-image synved-social-image synved-social-image-share\" width=\"32\" height=\"32\" style=\"display: inline;width:32px;height:32px;margin: 0;padding: 0;border: none;box-shadow: none\" src=\"https:\/\/www.devicemanuals.eu\/fr\/wp-content\/plugins\/social-media-feather\/synved-social\/image\/social\/regular\/64x64\/pinterest.png\" \/><\/a><a class=\"synved-social-button synved-social-button-share synved-social-size-32 synved-social-resolution-single synved-social-provider-linkedin nolightbox\" data-provider=\"linkedin\" target=\"_blank\" rel=\"nofollow\" title=\"Share on Linkedin\" href=\"https:\/\/www.linkedin.com\/shareArticle?mini=true&#038;url=https%3A%2F%2Fwww.devicemanuals.eu%2Ffr%2Fwp-json%2Fwp%2Fv2%2Fposts%2F2794&#038;title=S%C3%A8che-linge%20Bosch%20WTN85V08FF%20Notice%20d%E2%80%99utilisation%20et%20d%E2%80%99installation\" style=\"font-size: 0px;width:32px;height:32px;margin:0;margin-bottom:5px;margin-right:5px\"><img loading=\"lazy\" decoding=\"async\" alt=\"linkedin\" title=\"Share on Linkedin\" class=\"synved-share-image synved-social-image synved-social-image-share\" width=\"32\" height=\"32\" style=\"display: inline;width:32px;height:32px;margin: 0;padding: 0;border: none;box-shadow: none\" src=\"https:\/\/www.devicemanuals.eu\/fr\/wp-content\/plugins\/social-media-feather\/synved-social\/image\/social\/regular\/64x64\/linkedin.png\" \/><\/a><a class=\"synved-social-button synved-social-button-share synved-social-size-32 synved-social-resolution-single synved-social-provider-mail nolightbox\" data-provider=\"mail\" rel=\"nofollow\" title=\"Share by email\" href=\"mailto:?subject=S%C3%A8che-linge%20Bosch%20WTN85V08FF%20Notice%20d%E2%80%99utilisation%20et%20d%E2%80%99installation&#038;body=Hey%20check%20this%20out:%20https%3A%2F%2Fwww.devicemanuals.eu%2Ffr%2Fwp-json%2Fwp%2Fv2%2Fposts%2F2794\" style=\"font-size: 0px;width:32px;height:32px;margin:0;margin-bottom:5px\"><img loading=\"lazy\" decoding=\"async\" alt=\"mail\" title=\"Share by email\" class=\"synved-share-image synved-social-image synved-social-image-share\" width=\"32\" height=\"32\" style=\"display: inline;width:32px;height:32px;margin: 0;padding: 0;border: none;box-shadow: none\" src=\"https:\/\/www.devicemanuals.eu\/fr\/wp-content\/plugins\/social-media-feather\/synved-social\/image\/social\/regular\/64x64\/mail.png\" \/><\/a>","protected":false},"excerpt":{"rendered":"<p>S\u00e9rie 4 S\u00e8che-linge \u00e0 condensation 8 kg Manuel d\u2019utilisation \u00e0 t\u00e9l\u00e9charger en PDF: WTN85V08FF Auto Dry: s\u00e8che automatiquement et pr\u00e9cis\u00e9ment votre linge, comme vous l&rsquo;aimez. Design Anti Vibration: une protection anti-vibrations pour plus de stabilit\u00e9 et de confort sonore. Syst\u00e8me Sensitive Drying: un s\u00e9chage tout en douceur pour \u00e9viter de froisser le linge. Programme Allergie&hellip;&nbsp;<\/p>\n","protected":false},"author":1,"featured_media":2795,"comment_status":"open","ping_status":"open","sticky":false,"template":"","format":"standard","meta":{"neve_meta_sidebar":"","neve_meta_container":"","neve_meta_enable_content_width":"off","neve_meta_content_width":70,"neve_meta_title_alignment":"","neve_meta_author_avatar":"","neve_post_elements_order":"","neve_meta_disable_header":"","neve_meta_disable_footer":"","neve_meta_disable_title":"","footnotes":""},"categories":[10],"tags":[400,161,401,61],"class_list":["post-2794","post","type-post","status-publish","format-standard","has-post-thumbnail","hentry","category-bosch","tag-allergie-plus","tag-autodry","tag-condensation","tag-seche-linge"],"_links":{"self":[{"href":"https:\/\/www.devicemanuals.eu\/fr\/wp-json\/wp\/v2\/posts\/2794","targetHints":{"allow":["GET"]}}],"collection":[{"href":"https:\/\/www.devicemanuals.eu\/fr\/wp-json\/wp\/v2\/posts"}],"about":[{"href":"https:\/\/www.devicemanuals.eu\/fr\/wp-json\/wp\/v2\/types\/post"}],"author":[{"embeddable":true,"href":"https:\/\/www.devicemanuals.eu\/fr\/wp-json\/wp\/v2\/users\/1"}],"replies":[{"embeddable":true,"href":"https:\/\/www.devicemanuals.eu\/fr\/wp-json\/wp\/v2\/comments?post=2794"}],"version-history":[{"count":1,"href":"https:\/\/www.devicemanuals.eu\/fr\/wp-json\/wp\/v2\/posts\/2794\/revisions"}],"predecessor-version":[{"id":2797,"href":"https:\/\/www.devicemanuals.eu\/fr\/wp-json\/wp\/v2\/posts\/2794\/revisions\/2797"}],"wp:featuredmedia":[{"embeddable":true,"href":"https:\/\/www.devicemanuals.eu\/fr\/wp-json\/wp\/v2\/media\/2795"}],"wp:attachment":[{"href":"https:\/\/www.devicemanuals.eu\/fr\/wp-json\/wp\/v2\/media?parent=2794"}],"wp:term":[{"taxonomy":"category","embeddable":true,"href":"https:\/\/www.devicemanuals.eu\/fr\/wp-json\/wp\/v2\/categories?post=2794"},{"taxonomy":"post_tag","embeddable":true,"href":"https:\/\/www.devicemanuals.eu\/fr\/wp-json\/wp\/v2\/tags?post=2794"}],"curies":[{"name":"wp","href":"https:\/\/api.w.org\/{rel}","templated":true}]}}