{"id":447,"date":"2013-03-18T10:12:31","date_gmt":"2013-03-18T09:12:31","guid":{"rendered":"http:\/\/www.devicemanuals.eu\/fr\/?p=447"},"modified":"2013-03-18T10:12:31","modified_gmt":"2013-03-18T09:12:31","slug":"lave-linge-bosch-waq28381ff-avantixx-8-manuel-de-lutilisateur","status":"publish","type":"post","link":"https:\/\/www.devicemanuals.eu\/fr\/lave-linge-bosch-waq28381ff-avantixx-8-manuel-de-lutilisateur\/447\/","title":{"rendered":"Lave-linge Bosch WAQ28381FF Avantixx 8 &#8211; Manuel de l\u2019utilisateur"},"content":{"rendered":"<h2>Bosch Lave-linge frontal 60 cm WAQ28381FF Avantixx 8 VarioPerfect<\/h2>\n<figure id=\"attachment_448\" aria-describedby=\"caption-attachment-448\" style=\"width: 176px\" class=\"wp-caption alignnone\"><a href=\"http:\/\/www.devicemanuals.eu\/fr\/wp-content\/uploads\/2013\/03\/WAQ28381FF.jpg\"><img loading=\"lazy\" decoding=\"async\" class=\"size-full wp-image-448\" title=\"WAQ28381FF\" src=\"http:\/\/www.devicemanuals.eu\/fr\/wp-content\/uploads\/2013\/03\/WAQ28381FF.jpg\" alt=\"\" width=\"176\" height=\"200\" \/><\/a><figcaption id=\"caption-attachment-448\" class=\"wp-caption-text\">Bosch WAQ28381FF<\/figcaption><\/figure>\n<h3><span style=\"color: #0000ff;\"><strong>T\u00e9l\u00e9charger le mode d\u2019emploi\u00a0Bosch WAQ28381FF \u2013 PDF manuel:\u00a0<a href=\"http:\/\/www.devicemanuals.eu\/fr\/wp-content\/uploads\/2013\/03\/WAQ28381FF.pdf\"><span style=\"color: #0000ff;\">WAQ28381FF<\/span><\/a><\/strong><\/span><\/h3>\n<table summary=\"Caract\u00e9ristiques\" cellspacing=\"0\" cellpadding=\"0\">\n<thead>\n<tr>\n<th>Caract\u00e9ristiques<\/th>\n<th><\/th>\n<\/tr>\n<\/thead>\n<tbody>\n<tr>\n<td>Groupe de produit<\/td>\n<td>Lave linge<\/td>\n<\/tr>\n<tr>\n<td>R\u00e9f\u00e9rence Commerciale<\/td>\n<td>WAQ28381FF<\/td>\n<\/tr>\n<tr>\n<td>R\u00e9f\u00e9rence interne<\/td>\n<td>WAQ28381FF<\/td>\n<\/tr>\n<tr>\n<td>Code EAN<\/td>\n<td>4 242 002 713 168<\/td>\n<\/tr>\n<tr>\n<td>Pose-libre \/ Int\u00e9gr\u00e9<\/td>\n<td>Pose-libre<\/td>\n<\/tr>\n<tr>\n<td>Top amovible<\/td>\n<td>non<\/td>\n<\/tr>\n<tr>\n<td>Type de chargement<\/td>\n<td>Facade<\/td>\n<\/tr>\n<tr>\n<td>Couleur de panneau de commande<\/td>\n<td>Blanc<\/td>\n<\/tr>\n<tr>\n<td>Couleur \/ mat\u00e9riau du corps<\/td>\n<td>Blanc<\/td>\n<\/tr>\n<tr>\n<td>Intensit\u00e9 (A)<\/td>\n<td>10 A<\/td>\n<\/tr>\n<tr>\n<td>Fr\u00e9quence (Hz)<\/td>\n<td>50 Hz<\/td>\n<\/tr>\n<tr>\n<td>Certificats de conformit\u00e9<\/td>\n<td>CE<\/td>\n<\/tr>\n<tr>\n<td>Type de prise<\/td>\n<td>Fiche cont.terre\/Gard.fil ter.<\/td>\n<\/tr>\n<tr>\n<td>Niveau sonore au lavage dB(A) re 1 pW<\/td>\n<td>54 dB (A)<\/td>\n<\/tr>\n<tr>\n<td>Niveau sonore \u00e0 l&rsquo;essorage dB(A) re 1 pW<\/td>\n<td>76 dB (A)<\/td>\n<\/tr>\n<tr>\n<td>Arret cuve pleine<\/td>\n<td>Oui<\/td>\n<\/tr>\n<tr>\n<td>Ouverture de la porte<\/td>\n<td>Poign\u00e9e<\/td>\n<\/tr>\n<tr>\n<td>Mat\u00e9riau de la cuve<\/td>\n<td>Plastique<\/td>\n<\/tr>\n<tr>\n<td>Volume du tambour<\/td>\n<td>58 l<\/td>\n<\/tr>\n<tr>\n<td>Mat\u00e9riau du tambour<\/td>\n<td>Inox<\/td>\n<\/tr>\n<tr>\n<td>Ajout de produit lessiviel<\/td>\n<td>A l&rsquo;avant, autonettoyant<\/td>\n<\/tr>\n<tr>\n<td>Pes\u00e9e automatique<\/td>\n<td>Oui<\/td>\n<\/tr>\n<tr>\n<td>Vitesse d&rsquo;essorage maximum (rpm) &#8211; nouveau (2010\/30\/EC)<\/td>\n<td>1 400 rpm<\/td>\n<\/tr>\n<\/tbody>\n<\/table>\n<table summary=\"Equipement\" cellspacing=\"0\" cellpadding=\"0\">\n<thead>\n<tr>\n<th>Equipement<\/th>\n<th><\/th>\n<\/tr>\n<\/thead>\n<tbody>\n<tr>\n<td>Charni\u00e8res de porte<\/td>\n<td>A gauche<\/td>\n<\/tr>\n<tr>\n<td>Roulettes<\/td>\n<td>non<\/td>\n<\/tr>\n<tr>\n<td>Variateur de vitesse d&rsquo;essorage<\/td>\n<td>Variable<\/td>\n<\/tr>\n<tr>\n<td>Optimisation du lavage<\/td>\n<td>, , , , , rapide\/mix, Repassage facile, rin\u00e7age\/essorer, Rin\u00e7age plus, Vidange, Vitesse d&rsquo;essorage au choix<\/td>\n<\/tr>\n<tr>\n<td>D\u00e9tection de mousse<\/td>\n<td>Oui<\/td>\n<\/tr>\n<tr>\n<td>Syst\u00e8me anti-balourd<\/td>\n<td>Oui<\/td>\n<\/tr>\n<tr>\n<td>S\u00e9curit\u00e9 hydraulique<\/td>\n<td>Anti-d\u00e9bordement<\/td>\n<\/tr>\n<tr>\n<td>Option de lavage \u00e0 froid<\/td>\n<td>Oui<\/td>\n<\/tr>\n<tr>\n<td>Indicateur de d\u00e9roulement<\/td>\n<td>Display LED<\/td>\n<\/tr>\n<tr>\n<td>Afficheur digital de temps restant<\/td>\n<td>Oui<\/td>\n<\/tr>\n<tr>\n<td>Options de d\u00e9part diff\u00e9r\u00e9<\/td>\n<td>continu<\/td>\n<\/tr>\n<tr>\n<td>Pr\u00e9lavage<\/td>\n<td>Disponible<\/td>\n<\/tr>\n<tr>\n<td>Rin\u00e7age plus<\/td>\n<td>non<\/td>\n<\/tr>\n<tr>\n<td>Sonde \u00e0 chargement<\/td>\n<td>non<\/td>\n<\/tr>\n<tr>\n<td>Porte<\/td>\n<td>Oui<\/td>\n<\/tr>\n<tr>\n<td>Capteur de rin\u00e7age<\/td>\n<td>non<\/td>\n<\/tr>\n<tr>\n<td>S\u00e9lection de la temp\u00e9rature<\/td>\n<td>Programmateur<\/td>\n<\/tr>\n<\/tbody>\n<\/table>\n<table summary=\"Dimensions\" cellspacing=\"0\" cellpadding=\"0\">\n<thead>\n<tr>\n<th>Dimensions<\/th>\n<th><\/th>\n<\/tr>\n<\/thead>\n<tbody>\n<tr>\n<td>Longueur du cordon \u00e9lectrique (cm)<\/td>\n<td>160,0 cm<\/td>\n<\/tr>\n<tr>\n<td>Hauteur appareil (mm)<\/td>\n<td>848 mm<\/td>\n<\/tr>\n<tr>\n<td>Dimensions du produit<\/td>\n<td>848 x 598 x 550 mm<\/td>\n<\/tr>\n<tr>\n<td>Poids net (kg)<\/td>\n<td>69,000 kg<\/td>\n<\/tr>\n<tr>\n<td>Poids brut (kg)<\/td>\n<td>70,000 kg<\/td>\n<\/tr>\n<tr>\n<td>Hauteur sans top<\/td>\n<td>850,00 mm<\/td>\n<\/tr>\n<tr>\n<td>Hauteur r\u00e9glable sur<\/td>\n<td>1,00 cm<\/td>\n<\/tr>\n<tr>\n<td>Profondeur lorsque porte ouverte (90\u00b0)<\/td>\n<td>101,80 cm<\/td>\n<\/tr>\n<tr>\n<td>Profondeur appareil, \u00e9cart au mur inclus<\/td>\n<td>55 cm<\/td>\n<\/tr>\n<tr>\n<td>Largeur appareil (mm)<\/td>\n<td>598 mm<\/td>\n<\/tr>\n<\/tbody>\n<\/table>\n<table summary=\"Programmes\" cellspacing=\"0\" cellpadding=\"0\">\n<thead>\n<tr>\n<th>Programmes<\/th>\n<th><\/th>\n<\/tr>\n<\/thead>\n<tbody>\n<tr>\n<td>Affichage fin de programme<\/td>\n<td>Acoustique, Display LED<\/td>\n<\/tr>\n<tr>\n<td>Programme de test pour SAV<\/td>\n<td>Oui<\/td>\n<\/tr>\n<tr>\n<td>Programme Blanc\/Couleurs<\/td>\n<td>30\u00b0C, 40\u00b0C, 60\u00b0C, 60\u00b0C pr\u00e9lavage, 90\u00b0C<\/td>\n<\/tr>\n<tr>\n<td>Programme Synth\u00e9tiques<\/td>\n<td>30\u00b0C, 40\u00b0C<\/td>\n<\/tr>\n<\/tbody>\n<\/table>\n<table summary=\"Consommation\" cellspacing=\"0\" cellpadding=\"0\">\n<thead>\n<tr>\n<th>Consommation<\/th>\n<th><\/th>\n<\/tr>\n<\/thead>\n<tbody>\n<tr>\n<td>Puissance de raccordement (W)<\/td>\n<td>2300 W<\/td>\n<\/tr>\n<tr>\n<td>Tension (V)<\/td>\n<td>220-240 V<\/td>\n<\/tr>\n<tr>\n<td>Classe d\u2019efficacit\u00e9 \u00e9nerg\u00e9tique &#8211; NEW (2010\/30\/EC)<\/td>\n<td>A+++<\/td>\n<\/tr>\n<tr>\n<td>Classe d&rsquo;efficacit\u00e9 de lavage &#8211; nouveau (2010\/30\/EC)<\/td>\n<td>A<\/td>\n<\/tr>\n<tr>\n<td>Classe d&rsquo;efficacit\u00e9 d&rsquo;essorage<\/td>\n<td>B<\/td>\n<\/tr>\n<tr>\n<td>Consommation d&rsquo;eau annuelle (l\/an) &#8211; nouveau (2010\/30\/EC)<\/td>\n<td>8 700 l\/annum<\/td>\n<\/tr>\n<tr>\n<td>Consommation d&rsquo;\u00e9nergie annuelle (kWh\/an) &#8211; nouveau (2010\/30\/EC)<\/td>\n<td>179 kWh\/annum<\/td>\n<\/tr>\n<tr>\n<td>Lavage rapide<\/td>\n<td>Oui<\/td>\n<\/tr>\n<tr>\n<td>Alimentation eau chaude et eau froide<\/td>\n<td>non<\/td>\n<\/tr>\n<tr>\n<td>Capacit\u00e9 nominale pour le programme coton standard &#8211; NEW (2010\/30\/EC)<\/td>\n<td>8,0 kg<\/td>\n<\/tr>\n<\/tbody>\n<\/table>\n<a class=\"synved-social-button synved-social-button-share synved-social-size-32 synved-social-resolution-single synved-social-provider-facebook nolightbox\" data-provider=\"facebook\" target=\"_blank\" rel=\"nofollow\" title=\"Share on Facebook\" href=\"https:\/\/www.facebook.com\/sharer.php?u=https%3A%2F%2Fwww.devicemanuals.eu%2Ffr%2Fwp-json%2Fwp%2Fv2%2Fposts%2F447&#038;t=Lave-linge%20Bosch%20WAQ28381FF%20Avantixx%208%20%E2%80%93%20Manuel%20de%20l%E2%80%99utilisateur&#038;s=100&#038;p&#091;url&#093;=https%3A%2F%2Fwww.devicemanuals.eu%2Ffr%2Fwp-json%2Fwp%2Fv2%2Fposts%2F447&#038;p&#091;images&#093;&#091;0&#093;=https%3A%2F%2Fwww.devicemanuals.eu%2Ffr%2Fwp-content%2Fuploads%2F2013%2F03%2FWAQ28381FF.jpg&#038;p&#091;title&#093;=Lave-linge%20Bosch%20WAQ28381FF%20Avantixx%208%20%E2%80%93%20Manuel%20de%20l%E2%80%99utilisateur\" style=\"font-size: 0px;width:32px;height:32px;margin:0;margin-bottom:5px;margin-right:5px\"><img loading=\"lazy\" decoding=\"async\" alt=\"Facebook\" title=\"Share on Facebook\" class=\"synved-share-image synved-social-image synved-social-image-share\" width=\"32\" height=\"32\" style=\"display: inline;width:32px;height:32px;margin: 0;padding: 0;border: none;box-shadow: none\" src=\"https:\/\/www.devicemanuals.eu\/fr\/wp-content\/plugins\/social-media-feather\/synved-social\/image\/social\/regular\/64x64\/facebook.png\" \/><\/a><a class=\"synved-social-button synved-social-button-share synved-social-size-32 synved-social-resolution-single synved-social-provider-twitter nolightbox\" data-provider=\"twitter\" target=\"_blank\" rel=\"nofollow\" title=\"Share on Twitter\" href=\"https:\/\/twitter.com\/intent\/tweet?url=https%3A%2F%2Fwww.devicemanuals.eu%2Ffr%2Fwp-json%2Fwp%2Fv2%2Fposts%2F447&#038;text=Hey%20check%20this%20out\" style=\"font-size: 0px;width:32px;height:32px;margin:0;margin-bottom:5px;margin-right:5px\"><img loading=\"lazy\" decoding=\"async\" alt=\"twitter\" title=\"Share on Twitter\" class=\"synved-share-image synved-social-image synved-social-image-share\" width=\"32\" height=\"32\" style=\"display: inline;width:32px;height:32px;margin: 0;padding: 0;border: none;box-shadow: none\" src=\"https:\/\/www.devicemanuals.eu\/fr\/wp-content\/plugins\/social-media-feather\/synved-social\/image\/social\/regular\/64x64\/twitter.png\" \/><\/a><a class=\"synved-social-button synved-social-button-share synved-social-size-32 synved-social-resolution-single synved-social-provider-reddit nolightbox\" data-provider=\"reddit\" target=\"_blank\" rel=\"nofollow\" title=\"Share on Reddit\" href=\"https:\/\/www.reddit.com\/submit?url=https%3A%2F%2Fwww.devicemanuals.eu%2Ffr%2Fwp-json%2Fwp%2Fv2%2Fposts%2F447&#038;title=Lave-linge%20Bosch%20WAQ28381FF%20Avantixx%208%20%E2%80%93%20Manuel%20de%20l%E2%80%99utilisateur\" style=\"font-size: 0px;width:32px;height:32px;margin:0;margin-bottom:5px;margin-right:5px\"><img loading=\"lazy\" decoding=\"async\" alt=\"reddit\" title=\"Share on Reddit\" class=\"synved-share-image synved-social-image synved-social-image-share\" width=\"32\" height=\"32\" style=\"display: inline;width:32px;height:32px;margin: 0;padding: 0;border: none;box-shadow: none\" src=\"https:\/\/www.devicemanuals.eu\/fr\/wp-content\/plugins\/social-media-feather\/synved-social\/image\/social\/regular\/64x64\/reddit.png\" \/><\/a><a class=\"synved-social-button synved-social-button-share synved-social-size-32 synved-social-resolution-single synved-social-provider-pinterest nolightbox\" data-provider=\"pinterest\" target=\"_blank\" rel=\"nofollow\" title=\"Pin it with Pinterest\" href=\"https:\/\/pinterest.com\/pin\/create\/button\/?url=https%3A%2F%2Fwww.devicemanuals.eu%2Ffr%2Fwp-json%2Fwp%2Fv2%2Fposts%2F447&#038;media=https%3A%2F%2Fwww.devicemanuals.eu%2Ffr%2Fwp-content%2Fuploads%2F2013%2F03%2FWAQ28381FF.jpg&#038;description=Lave-linge%20Bosch%20WAQ28381FF%20Avantixx%208%20%E2%80%93%20Manuel%20de%20l%E2%80%99utilisateur\" style=\"font-size: 0px;width:32px;height:32px;margin:0;margin-bottom:5px;margin-right:5px\"><img loading=\"lazy\" decoding=\"async\" alt=\"pinterest\" title=\"Pin it with Pinterest\" class=\"synved-share-image synved-social-image synved-social-image-share\" width=\"32\" height=\"32\" style=\"display: inline;width:32px;height:32px;margin: 0;padding: 0;border: none;box-shadow: none\" src=\"https:\/\/www.devicemanuals.eu\/fr\/wp-content\/plugins\/social-media-feather\/synved-social\/image\/social\/regular\/64x64\/pinterest.png\" \/><\/a><a class=\"synved-social-button synved-social-button-share synved-social-size-32 synved-social-resolution-single synved-social-provider-linkedin nolightbox\" data-provider=\"linkedin\" target=\"_blank\" rel=\"nofollow\" title=\"Share on Linkedin\" href=\"https:\/\/www.linkedin.com\/shareArticle?mini=true&#038;url=https%3A%2F%2Fwww.devicemanuals.eu%2Ffr%2Fwp-json%2Fwp%2Fv2%2Fposts%2F447&#038;title=Lave-linge%20Bosch%20WAQ28381FF%20Avantixx%208%20%E2%80%93%20Manuel%20de%20l%E2%80%99utilisateur\" style=\"font-size: 0px;width:32px;height:32px;margin:0;margin-bottom:5px;margin-right:5px\"><img loading=\"lazy\" decoding=\"async\" alt=\"linkedin\" title=\"Share on Linkedin\" class=\"synved-share-image synved-social-image synved-social-image-share\" width=\"32\" height=\"32\" style=\"display: inline;width:32px;height:32px;margin: 0;padding: 0;border: none;box-shadow: none\" src=\"https:\/\/www.devicemanuals.eu\/fr\/wp-content\/plugins\/social-media-feather\/synved-social\/image\/social\/regular\/64x64\/linkedin.png\" \/><\/a><a class=\"synved-social-button synved-social-button-share synved-social-size-32 synved-social-resolution-single synved-social-provider-mail nolightbox\" data-provider=\"mail\" rel=\"nofollow\" title=\"Share by email\" href=\"mailto:?subject=Lave-linge%20Bosch%20WAQ28381FF%20Avantixx%208%20%E2%80%93%20Manuel%20de%20l%E2%80%99utilisateur&#038;body=Hey%20check%20this%20out:%20https%3A%2F%2Fwww.devicemanuals.eu%2Ffr%2Fwp-json%2Fwp%2Fv2%2Fposts%2F447\" style=\"font-size: 0px;width:32px;height:32px;margin:0;margin-bottom:5px\"><img loading=\"lazy\" decoding=\"async\" alt=\"mail\" title=\"Share by email\" class=\"synved-share-image synved-social-image synved-social-image-share\" width=\"32\" height=\"32\" style=\"display: inline;width:32px;height:32px;margin: 0;padding: 0;border: none;box-shadow: none\" src=\"https:\/\/www.devicemanuals.eu\/fr\/wp-content\/plugins\/social-media-feather\/synved-social\/image\/social\/regular\/64x64\/mail.png\" \/><\/a>","protected":false},"excerpt":{"rendered":"<p>Bosch Lave-linge frontal 60 cm WAQ28381FF Avantixx 8 VarioPerfect T\u00e9l\u00e9charger le mode d\u2019emploi\u00a0Bosch WAQ28381FF \u2013 PDF manuel:\u00a0WAQ28381FF Caract\u00e9ristiques Groupe de produit Lave linge R\u00e9f\u00e9rence Commerciale WAQ28381FF R\u00e9f\u00e9rence interne WAQ28381FF Code EAN 4 242 002 713 168 Pose-libre \/ Int\u00e9gr\u00e9 Pose-libre Top amovible non Type de chargement Facade Couleur de panneau de commande Blanc Couleur \/&hellip;&nbsp;<\/p>\n","protected":false},"author":1,"featured_media":448,"comment_status":"open","ping_status":"open","sticky":false,"template":"","format":"standard","meta":{"neve_meta_sidebar":"","neve_meta_container":"","neve_meta_enable_content_width":"","neve_meta_content_width":0,"neve_meta_title_alignment":"","neve_meta_author_avatar":"","neve_post_elements_order":"","neve_meta_disable_header":"","neve_meta_disable_footer":"","neve_meta_disable_title":"","footnotes":""},"categories":[10],"tags":[92,166,33,34],"class_list":["post-447","post","type-post","status-publish","format-standard","has-post-thumbnail","hentry","category-bosch","tag-avantixx-8","tag-bosch","tag-lave-linge","tag-varioperfect"],"_links":{"self":[{"href":"https:\/\/www.devicemanuals.eu\/fr\/wp-json\/wp\/v2\/posts\/447","targetHints":{"allow":["GET"]}}],"collection":[{"href":"https:\/\/www.devicemanuals.eu\/fr\/wp-json\/wp\/v2\/posts"}],"about":[{"href":"https:\/\/www.devicemanuals.eu\/fr\/wp-json\/wp\/v2\/types\/post"}],"author":[{"embeddable":true,"href":"https:\/\/www.devicemanuals.eu\/fr\/wp-json\/wp\/v2\/users\/1"}],"replies":[{"embeddable":true,"href":"https:\/\/www.devicemanuals.eu\/fr\/wp-json\/wp\/v2\/comments?post=447"}],"version-history":[{"count":2,"href":"https:\/\/www.devicemanuals.eu\/fr\/wp-json\/wp\/v2\/posts\/447\/revisions"}],"predecessor-version":[{"id":451,"href":"https:\/\/www.devicemanuals.eu\/fr\/wp-json\/wp\/v2\/posts\/447\/revisions\/451"}],"wp:featuredmedia":[{"embeddable":true,"href":"https:\/\/www.devicemanuals.eu\/fr\/wp-json\/wp\/v2\/media\/448"}],"wp:attachment":[{"href":"https:\/\/www.devicemanuals.eu\/fr\/wp-json\/wp\/v2\/media?parent=447"}],"wp:term":[{"taxonomy":"category","embeddable":true,"href":"https:\/\/www.devicemanuals.eu\/fr\/wp-json\/wp\/v2\/categories?post=447"},{"taxonomy":"post_tag","embeddable":true,"href":"https:\/\/www.devicemanuals.eu\/fr\/wp-json\/wp\/v2\/tags?post=447"}],"curies":[{"name":"wp","href":"https:\/\/api.w.org\/{rel}","templated":true}]}}