{"id":698,"date":"2013-10-28T23:37:10","date_gmt":"2013-10-28T22:37:10","guid":{"rendered":"http:\/\/www.devicemanuals.eu\/fr\/?p=698"},"modified":"2013-10-28T23:37:10","modified_gmt":"2013-10-28T22:37:10","slug":"lave-linge-siemens-wm16s794ff-manuel-de-lutilisateur","status":"publish","type":"post","link":"https:\/\/www.devicemanuals.eu\/fr\/lave-linge-siemens-wm16s794ff-manuel-de-lutilisateur\/698\/","title":{"rendered":"Lave-linge Siemens WM16S794FF &#8211; Manuel de l\u2019utilisateur"},"content":{"rendered":"<h2>Lave-linge frontal 60 cm Siemens IQ 700<\/h2>\n<figure id=\"attachment_699\" aria-describedby=\"caption-attachment-699\" style=\"width: 235px\" class=\"wp-caption alignnone\"><a href=\"http:\/\/www.devicemanuals.eu\/fr\/wp-content\/uploads\/2013\/10\/WM16S794FF.jpg\"><img loading=\"lazy\" decoding=\"async\" class=\"size-full wp-image-699\" title=\"WM16S794FF\" src=\"http:\/\/www.devicemanuals.eu\/fr\/wp-content\/uploads\/2013\/10\/WM16S794FF.jpg\" alt=\"\" width=\"235\" height=\"286\" \/><\/a><figcaption id=\"caption-attachment-699\" class=\"wp-caption-text\">Siemens WM16S794FF<\/figcaption><\/figure>\n<p>&nbsp;<\/p>\n<h3><strong>T\u00e9l\u00e9charger le mode d\u2019emploi<\/strong>\u00a0\u00a0Siemens WM16S794FF \u2013\u00a0gratuitement au format PDF: <a href=\"http:\/\/www.devicemanuals.eu\/fr\/wp-content\/uploads\/2013\/10\/WM16S794FF-FR.pdf\">WM16S794FF-FR<\/a><\/h3>\n<p>&nbsp;<\/p>\n<ul id=\"Child-1-keyFeaturesList\">\n<li>waterPefect plus: des cycles controll\u00e9s par des sensors pour une utilisation optimale de l&rsquo;eau quelque soit la charge<\/li>\n<li><a>varioPerfect<\/a>\u2122: \u00e9conomise 65% de temps ou 50% d&rsquo;\u00e9nergie &#8211; vous avez le choix<\/li>\n<li>10% plus \u00e9conome que la classe A+++<\/li>\n<li>Moteur <a>iQDrive<\/a>: extr\u00eamement silencieux et performant pour un lavage haute performance<\/li>\n<li>Tambour <a>varioSoft<\/a>: Soin des textiles garanti gr\u00e2ce une structure unique en gouttes d&rsquo;eau<\/li>\n<\/ul>\n<div id=\"ctl00_TechnicalSpecifications1_pnlTechnicalSpecifications\">\n<h3>Caract\u00e9ristiques techniques<\/h3>\n<div>\n<div>\n<p>R\u00e9f\u00e9rence Commerciale: WM16S794FF<\/p>\n<\/div>\n<\/div>\n<div>\n<div>\n<p>R\u00e9f\u00e9rence interne: WM16S794FF<\/p>\n<\/div>\n<\/div>\n<div>\n<div>\n<p>Code EAN: 4\u00a0242\u00a0003\u00a0607\u00a0084<\/p>\n<\/div>\n<\/div>\n<div>\n<div>\n<p>Pose-libre \/ Int\u00e9gr\u00e9: Pose-libre<\/p>\n<\/div>\n<\/div>\n<div>\n<div>\n<p>Type d&rsquo;installation: App.encastr. sous plan travail<\/p>\n<\/div>\n<\/div>\n<div>\n<div>\n<p>Top amovible: Oui<\/p>\n<\/div>\n<\/div>\n<div>\n<div>\n<p>Type de chargement: Facade<\/p>\n<\/div>\n<\/div>\n<div>\n<div>\n<p>Couleur de panneau de commande: Blanc<\/p>\n<\/div>\n<\/div>\n<div>\n<div>\n<p>Couleur \/ mat\u00e9riau du corps: Blanc<\/p>\n<\/div>\n<\/div>\n<div>\n<div>\n<p>Intensit\u00e9 (A): 10 A<\/p>\n<\/div>\n<\/div>\n<div>\n<div>\n<p>Fr\u00e9quence (Hz): 50 Hz<\/p>\n<\/div>\n<\/div>\n<div>\n<div>\n<p>Certificats de conformit\u00e9: CE, VDE<\/p>\n<\/div>\n<\/div>\n<div>\n<div>\n<p>Type de prise: Fiche cont.terre\/Gard.fil ter.<\/p>\n<\/div>\n<\/div>\n<div>\n<div>\n<p>Niveau sonore au lavage dB(A) re 1 pW: 50 dB (A)<\/p>\n<\/div>\n<\/div>\n<div>\n<div>\n<p>Niveau sonore \u00e0 l&rsquo;essorage dB(A) re 1 pW: 74 dB (A)<\/p>\n<\/div>\n<\/div>\n<div>\n<div>\n<p>Arret cuve pleine: Oui<\/p>\n<\/div>\n<\/div>\n<div>\n<div>\n<p>Ouverture de la porte? Poign\u00e9e<\/p>\n<\/div>\n<\/div>\n<div>\n<div>\n<p>Mat\u00e9riau de la cuve: Plastique<\/p>\n<\/div>\n<\/div>\n<div>\n<div>\n<p>Volume du tambour: 65 l<\/p>\n<\/div>\n<\/div>\n<div>\n<div>\n<p>Mat\u00e9riau du tambour: Inox<\/p>\n<\/div>\n<\/div>\n<div>\n<div>\n<p>Ajout de produit lessiviel: A l&rsquo;avant<\/p>\n<\/div>\n<\/div>\n<div>\n<div>\n<p>Pes\u00e9e automatique: Oui<\/p>\n<\/div>\n<\/div>\n<div>\n<div>\n<p>Vitesse d&rsquo;essorage maximum (rpm) &#8211; nouveau (2010\/30\/EC): 1\u00a0600 rpm<\/p>\n<\/div>\n<\/div>\n<h3>Equipement<\/h3>\n<div>\n<div>\n<p>Charni\u00e8res de porte: A gauche<\/p>\n<\/div>\n<\/div>\n<div>\n<div>\n<p>Roulettes: non<\/p>\n<\/div>\n<\/div>\n<div>\n<div>\n<p>Variateur de vitesse d&rsquo;essorage: Variable<\/p>\n<\/div>\n<\/div>\n<div>\n<div>\n<p>Optimisation du lavage: Changer, Chemises\/Chemisiers, Couleurs sombres, D\u00e9part\/Pause, Essorer, Express 15 min, Laver\/Imperm\u00e9abiliser, Lingerie, Menu, rapide\/mix, Rin\u00e7age plus\/Amidonner, S\u00e9lection de la temp\u00e9rature, Vidange, Vitesse d&rsquo;essorage au choix, voilages 30\u00b0C<\/p>\n<\/div>\n<\/div>\n<div>\n<div>\n<p>D\u00e9tection de mousse: Oui<\/p>\n<\/div>\n<\/div>\n<div>\n<div>\n<p>Syst\u00e8me anti-balourd: Oui<\/p>\n<\/div>\n<\/div>\n<div>\n<div>\n<p>S\u00e9curit\u00e9 hydraulique: Aquasecure<\/p>\n<p>Option de lavage \u00e0 froid: Oui<\/p>\n<\/div>\n<\/div>\n<div>\n<div>\n<p>Indicateur de d\u00e9roulement: LCD-display<\/p>\n<\/div>\n<\/div>\n<div>\n<div>\n<p>Afficheur digital de temps restant: Oui<\/p>\n<\/div>\n<\/div>\n<div>\n<div>\n<p>Options de d\u00e9part diff\u00e9r\u00e9: continu<\/p>\n<\/div>\n<\/div>\n<div>\n<div>\n<p>Rin\u00e7age plus: non<\/p>\n<\/div>\n<\/div>\n<div>\n<div>\n<p>Sonde \u00e0 chargement: Oui<\/p>\n<\/div>\n<\/div>\n<div>\n<div>\n<p>Porte: Oui<\/p>\n<\/div>\n<\/div>\n<div>\n<div>\n<p>Capteur de rin\u00e7age: Oui<\/p>\n<\/div>\n<\/div>\n<div>\n<div>\n<p>S\u00e9lection de la temp\u00e9rature: LCD<\/p>\n<\/div>\n<\/div>\n<h3>Dimensions<\/h3>\n<div>\n<div>\n<p>Longueur du cordon \u00e9lectrique (cm): 175,0 cm<\/p>\n<\/div>\n<\/div>\n<div>\n<div>\n<p>Hauteur appareil (mm): 842 mm<\/p>\n<\/div>\n<\/div>\n<div>\n<div>\n<p>Dimensions du produit: 842 x 600 x 590 mm<\/p>\n<\/div>\n<\/div>\n<div>\n<div>\n<p>Poids net (kg): 79,000 kg<\/p>\n<\/div>\n<\/div>\n<div>\n<div>\n<p>Poids brut (kg): 80,000 kg<\/p>\n<\/div>\n<\/div>\n<div>\n<div>\n<p>Hauteur sans top: 820,00 mm<\/p>\n<\/div>\n<\/div>\n<div>\n<div>\n<p>Hauteur r\u00e9glable sur: 1,20 cm<\/p>\n<\/div>\n<\/div>\n<div>\n<div>\n<p>Profondeur lorsque porte ouverte (90\u00b0): 99,00 cm<\/p>\n<\/div>\n<\/div>\n<div>\n<div>\n<p>Profondeur appareil, \u00e9cart au mur inclus: 59 cm<\/p>\n<\/div>\n<\/div>\n<div>\n<div>\n<p>Largeur appareil (mm): 600 mm<\/p>\n<\/div>\n<\/div>\n<h3>Programmes<\/h3>\n<div>\n<div>\n<p>Affichage fin de programme: Acoustique, LCD-display<\/p>\n<\/div>\n<\/div>\n<div>\n<div>\n<p>Programme de test pour SAV: Oui<\/p>\n<\/div>\n<\/div>\n<div>\n<div>\n<p>Programme Blanc\/Couleurs: 20\u00b0C, 30\u00b0C, 40\u00b0C, 50\u00b0C, 60\u00b0C, 70\u00b0C, 80\u00b0C, 90\u00b0C, Eco, Froid<\/p>\n<\/div>\n<\/div>\n<div>\n<div>\n<p>Programme Synth\u00e9tiques: 20\u00b0C, 30\u00b0C, 40\u00b0C, 50\u00b0C, 60\u00b0C, Froid<\/p>\n<\/div>\n<\/div>\n<h3>Consommation<\/h3>\n<div>\n<div>\n<p>Puissance de raccordement (W): 2300 W<\/p>\n<\/div>\n<\/div>\n<div>\n<div>\n<p>Tension (V): 220-240 V<\/p>\n<\/div>\n<\/div>\n<div>\n<div>\n<p>Classe \u00e9nerg\u00e9tique &#8211; NOUVEAU (2010\/30\/EC): A+++<\/p>\n<\/div>\n<\/div>\n<div>\n<div>\n<p>Classe d&rsquo;efficacit\u00e9 de lavage &#8211; nouveau (2010\/30\/EC): A<\/p>\n<\/div>\n<\/div>\n<div>\n<div>\n<p>Classe d&rsquo;efficacit\u00e9 d&rsquo;essorage: A<\/p>\n<\/div>\n<\/div>\n<div>\n<div>\n<p>Consommation d&rsquo;eau annuelle (l\/an) &#8211; nouveau (2010\/30\/EC): 11\u00a0300 l\/annum<\/p>\n<\/div>\n<\/div>\n<div>\n<div>\n<p>Consommation d&rsquo;\u00e9nergie annuelle (kWh\/an) &#8211; nouveau (2010\/30\/EC): 196 kWh\/annum<\/p>\n<\/div>\n<\/div>\n<div>\n<div>\n<p>Lavage rapide: Oui<\/p>\n<\/div>\n<\/div>\n<div>\n<div>\n<p>Alimentation eau chaude et eau froide: non<\/p>\n<\/div>\n<\/div>\n<div>\n<div>\n<p>Capacit\u00e9 de chargement (kg) &#8211; NOUVEAU (2010\/30\/EC): 9,0 kg<\/p>\n<\/div>\n<\/div>\n<\/div>\n<p>&nbsp;<\/p>\n<p>&nbsp;<\/p>\n<a class=\"synved-social-button synved-social-button-share synved-social-size-32 synved-social-resolution-single synved-social-provider-facebook nolightbox\" data-provider=\"facebook\" target=\"_blank\" rel=\"nofollow\" title=\"Share on Facebook\" href=\"https:\/\/www.facebook.com\/sharer.php?u=https%3A%2F%2Fwww.devicemanuals.eu%2Ffr%2Fwp-json%2Fwp%2Fv2%2Fposts%2F698&#038;t=Lave-linge%20Siemens%20WM16S794FF%20%E2%80%93%20Manuel%20de%20l%E2%80%99utilisateur&#038;s=100&#038;p&#091;url&#093;=https%3A%2F%2Fwww.devicemanuals.eu%2Ffr%2Fwp-json%2Fwp%2Fv2%2Fposts%2F698&#038;p&#091;images&#093;&#091;0&#093;=https%3A%2F%2Fwww.devicemanuals.eu%2Ffr%2Fwp-content%2Fuploads%2F2013%2F10%2FWM16S794FF.jpg&#038;p&#091;title&#093;=Lave-linge%20Siemens%20WM16S794FF%20%E2%80%93%20Manuel%20de%20l%E2%80%99utilisateur\" style=\"font-size: 0px;width:32px;height:32px;margin:0;margin-bottom:5px;margin-right:5px\"><img loading=\"lazy\" decoding=\"async\" alt=\"Facebook\" title=\"Share on Facebook\" class=\"synved-share-image synved-social-image synved-social-image-share\" width=\"32\" height=\"32\" style=\"display: inline;width:32px;height:32px;margin: 0;padding: 0;border: none;box-shadow: none\" src=\"https:\/\/www.devicemanuals.eu\/fr\/wp-content\/plugins\/social-media-feather\/synved-social\/image\/social\/regular\/64x64\/facebook.png\" \/><\/a><a class=\"synved-social-button synved-social-button-share synved-social-size-32 synved-social-resolution-single synved-social-provider-twitter nolightbox\" data-provider=\"twitter\" target=\"_blank\" rel=\"nofollow\" title=\"Share on Twitter\" href=\"https:\/\/twitter.com\/intent\/tweet?url=https%3A%2F%2Fwww.devicemanuals.eu%2Ffr%2Fwp-json%2Fwp%2Fv2%2Fposts%2F698&#038;text=Hey%20check%20this%20out\" style=\"font-size: 0px;width:32px;height:32px;margin:0;margin-bottom:5px;margin-right:5px\"><img loading=\"lazy\" decoding=\"async\" alt=\"twitter\" title=\"Share on Twitter\" class=\"synved-share-image synved-social-image synved-social-image-share\" width=\"32\" height=\"32\" style=\"display: inline;width:32px;height:32px;margin: 0;padding: 0;border: none;box-shadow: none\" src=\"https:\/\/www.devicemanuals.eu\/fr\/wp-content\/plugins\/social-media-feather\/synved-social\/image\/social\/regular\/64x64\/twitter.png\" \/><\/a><a class=\"synved-social-button synved-social-button-share synved-social-size-32 synved-social-resolution-single synved-social-provider-reddit nolightbox\" data-provider=\"reddit\" target=\"_blank\" rel=\"nofollow\" title=\"Share on Reddit\" href=\"https:\/\/www.reddit.com\/submit?url=https%3A%2F%2Fwww.devicemanuals.eu%2Ffr%2Fwp-json%2Fwp%2Fv2%2Fposts%2F698&#038;title=Lave-linge%20Siemens%20WM16S794FF%20%E2%80%93%20Manuel%20de%20l%E2%80%99utilisateur\" style=\"font-size: 0px;width:32px;height:32px;margin:0;margin-bottom:5px;margin-right:5px\"><img loading=\"lazy\" decoding=\"async\" alt=\"reddit\" title=\"Share on Reddit\" class=\"synved-share-image synved-social-image synved-social-image-share\" width=\"32\" height=\"32\" style=\"display: inline;width:32px;height:32px;margin: 0;padding: 0;border: none;box-shadow: none\" src=\"https:\/\/www.devicemanuals.eu\/fr\/wp-content\/plugins\/social-media-feather\/synved-social\/image\/social\/regular\/64x64\/reddit.png\" \/><\/a><a class=\"synved-social-button synved-social-button-share synved-social-size-32 synved-social-resolution-single synved-social-provider-pinterest nolightbox\" data-provider=\"pinterest\" target=\"_blank\" rel=\"nofollow\" title=\"Pin it with Pinterest\" href=\"https:\/\/pinterest.com\/pin\/create\/button\/?url=https%3A%2F%2Fwww.devicemanuals.eu%2Ffr%2Fwp-json%2Fwp%2Fv2%2Fposts%2F698&#038;media=https%3A%2F%2Fwww.devicemanuals.eu%2Ffr%2Fwp-content%2Fuploads%2F2013%2F10%2FWM16S794FF.jpg&#038;description=Lave-linge%20Siemens%20WM16S794FF%20%E2%80%93%20Manuel%20de%20l%E2%80%99utilisateur\" style=\"font-size: 0px;width:32px;height:32px;margin:0;margin-bottom:5px;margin-right:5px\"><img loading=\"lazy\" decoding=\"async\" alt=\"pinterest\" title=\"Pin it with Pinterest\" class=\"synved-share-image synved-social-image synved-social-image-share\" width=\"32\" height=\"32\" style=\"display: inline;width:32px;height:32px;margin: 0;padding: 0;border: none;box-shadow: none\" src=\"https:\/\/www.devicemanuals.eu\/fr\/wp-content\/plugins\/social-media-feather\/synved-social\/image\/social\/regular\/64x64\/pinterest.png\" \/><\/a><a class=\"synved-social-button synved-social-button-share synved-social-size-32 synved-social-resolution-single synved-social-provider-linkedin nolightbox\" data-provider=\"linkedin\" target=\"_blank\" rel=\"nofollow\" title=\"Share on Linkedin\" href=\"https:\/\/www.linkedin.com\/shareArticle?mini=true&#038;url=https%3A%2F%2Fwww.devicemanuals.eu%2Ffr%2Fwp-json%2Fwp%2Fv2%2Fposts%2F698&#038;title=Lave-linge%20Siemens%20WM16S794FF%20%E2%80%93%20Manuel%20de%20l%E2%80%99utilisateur\" style=\"font-size: 0px;width:32px;height:32px;margin:0;margin-bottom:5px;margin-right:5px\"><img loading=\"lazy\" decoding=\"async\" alt=\"linkedin\" title=\"Share on Linkedin\" class=\"synved-share-image synved-social-image synved-social-image-share\" width=\"32\" height=\"32\" style=\"display: inline;width:32px;height:32px;margin: 0;padding: 0;border: none;box-shadow: none\" src=\"https:\/\/www.devicemanuals.eu\/fr\/wp-content\/plugins\/social-media-feather\/synved-social\/image\/social\/regular\/64x64\/linkedin.png\" \/><\/a><a class=\"synved-social-button synved-social-button-share synved-social-size-32 synved-social-resolution-single synved-social-provider-mail nolightbox\" data-provider=\"mail\" rel=\"nofollow\" title=\"Share by email\" href=\"mailto:?subject=Lave-linge%20Siemens%20WM16S794FF%20%E2%80%93%20Manuel%20de%20l%E2%80%99utilisateur&#038;body=Hey%20check%20this%20out:%20https%3A%2F%2Fwww.devicemanuals.eu%2Ffr%2Fwp-json%2Fwp%2Fv2%2Fposts%2F698\" style=\"font-size: 0px;width:32px;height:32px;margin:0;margin-bottom:5px\"><img loading=\"lazy\" decoding=\"async\" alt=\"mail\" title=\"Share by email\" class=\"synved-share-image synved-social-image synved-social-image-share\" width=\"32\" height=\"32\" style=\"display: inline;width:32px;height:32px;margin: 0;padding: 0;border: none;box-shadow: none\" src=\"https:\/\/www.devicemanuals.eu\/fr\/wp-content\/plugins\/social-media-feather\/synved-social\/image\/social\/regular\/64x64\/mail.png\" \/><\/a>","protected":false},"excerpt":{"rendered":"<p>Lave-linge frontal 60 cm Siemens IQ 700 &nbsp; T\u00e9l\u00e9charger le mode d\u2019emploi\u00a0\u00a0Siemens WM16S794FF \u2013\u00a0gratuitement au format PDF: WM16S794FF-FR &nbsp; waterPefect plus: des cycles controll\u00e9s par des sensors pour une utilisation optimale de l&rsquo;eau quelque soit la charge varioPerfect\u2122: \u00e9conomise 65% de temps ou 50% d&rsquo;\u00e9nergie &#8211; vous avez le choix 10% plus \u00e9conome que la&hellip;&nbsp;<\/p>\n","protected":false},"author":1,"featured_media":699,"comment_status":"open","ping_status":"open","sticky":false,"template":"","format":"standard","meta":{"neve_meta_sidebar":"","neve_meta_container":"","neve_meta_enable_content_width":"","neve_meta_content_width":0,"neve_meta_title_alignment":"","neve_meta_author_avatar":"","neve_post_elements_order":"","neve_meta_disable_header":"","neve_meta_disable_footer":"","neve_meta_disable_title":"","footnotes":""},"categories":[63],"tags":[120,33,171],"class_list":["post-698","post","type-post","status-publish","format-standard","has-post-thumbnail","hentry","category-siemens","tag-iq-700","tag-lave-linge","tag-siemens"],"_links":{"self":[{"href":"https:\/\/www.devicemanuals.eu\/fr\/wp-json\/wp\/v2\/posts\/698","targetHints":{"allow":["GET"]}}],"collection":[{"href":"https:\/\/www.devicemanuals.eu\/fr\/wp-json\/wp\/v2\/posts"}],"about":[{"href":"https:\/\/www.devicemanuals.eu\/fr\/wp-json\/wp\/v2\/types\/post"}],"author":[{"embeddable":true,"href":"https:\/\/www.devicemanuals.eu\/fr\/wp-json\/wp\/v2\/users\/1"}],"replies":[{"embeddable":true,"href":"https:\/\/www.devicemanuals.eu\/fr\/wp-json\/wp\/v2\/comments?post=698"}],"version-history":[{"count":1,"href":"https:\/\/www.devicemanuals.eu\/fr\/wp-json\/wp\/v2\/posts\/698\/revisions"}],"predecessor-version":[{"id":701,"href":"https:\/\/www.devicemanuals.eu\/fr\/wp-json\/wp\/v2\/posts\/698\/revisions\/701"}],"wp:featuredmedia":[{"embeddable":true,"href":"https:\/\/www.devicemanuals.eu\/fr\/wp-json\/wp\/v2\/media\/699"}],"wp:attachment":[{"href":"https:\/\/www.devicemanuals.eu\/fr\/wp-json\/wp\/v2\/media?parent=698"}],"wp:term":[{"taxonomy":"category","embeddable":true,"href":"https:\/\/www.devicemanuals.eu\/fr\/wp-json\/wp\/v2\/categories?post=698"},{"taxonomy":"post_tag","embeddable":true,"href":"https:\/\/www.devicemanuals.eu\/fr\/wp-json\/wp\/v2\/tags?post=698"}],"curies":[{"name":"wp","href":"https:\/\/api.w.org\/{rel}","templated":true}]}}