{"id":768,"date":"2013-12-26T23:07:21","date_gmt":"2013-12-26T22:07:21","guid":{"rendered":"http:\/\/www.devicemanuals.eu\/fr\/?p=768"},"modified":"2013-12-26T23:08:52","modified_gmt":"2013-12-26T22:08:52","slug":"lave-linge-frontal-bosch-wi14s420ff-iq700-mode-demploi","status":"publish","type":"post","link":"https:\/\/www.devicemanuals.eu\/fr\/lave-linge-frontal-bosch-wi14s420ff-iq700-mode-demploi\/768\/","title":{"rendered":"Lave-linge frontal Siemens WI14S420FF iQ700 &#8211; Mode d&#8217;emploi"},"content":{"rendered":"<h3>Manuel de l\u2019utilisateur\u00a0 Lave-linge Siemens WI14S420FF<\/h3>\n<figure id=\"attachment_769\" aria-describedby=\"caption-attachment-769\" style=\"width: 235px\" class=\"wp-caption alignnone\"><a href=\"http:\/\/www.devicemanuals.eu\/fr\/wp-content\/uploads\/2013\/12\/WI14S420FF.jpeg\"><img loading=\"lazy\" decoding=\"async\" class=\"size-full wp-image-769 \" alt=\"Lave-linge Siemens WI14S420FF\" src=\"http:\/\/www.devicemanuals.eu\/fr\/wp-content\/uploads\/2013\/12\/WI14S420FF.jpeg\" width=\"235\" height=\"286\" \/><\/a><figcaption id=\"caption-attachment-769\" class=\"wp-caption-text\">Lave-linge Siemens WI14S420FF<\/figcaption><\/figure>\n<p>&nbsp;<\/p>\n<p><strong>T\u00e9l\u00e9charger le mode\u00a0d\u2019emploi<\/strong>\u00a0 Siemens WI14S420FF \u2013\u00a0gratuitement au format PDF: <a href=\"http:\/\/www.devicemanuals.eu\/fr\/wp-content\/uploads\/2013\/12\/WI14S420FF-FR.pdf\">WI14S420FF-FR<\/a><\/p>\n<p>&nbsp;<\/p>\n<div><\/div>\n<h3 id=\"Exp-1-EAHDAA\">Caract\u00e9ristiques principales<\/h3>\n<ul id=\"Child-1-EAHDAA\">\n<li>Classe \u00e9nerg\u00e9tique: A+<\/li>\n<li>Capacit\u00e9 variable automatique : 1 \u00e0 7 kg<\/li>\n<li>Volume du tambour: 55 l<\/li>\n<li>Vitesse d&rsquo;essorage max.: 1400 tr\/min<br \/>\nHumidit\u00e9 r\u00e9siduelle max.: 53 %<\/li>\n<li>Consommation d&rsquo;eau annuelle pond\u00e9r\u00e9e : 10560 litres<\/li>\n<li>Consommation d&rsquo;\u00e9nergie annuelle pond\u00e9r\u00e9e : 218 kWh<\/li>\n<li>Niveau sonore lavage en dB(A) re 1 pW : 46<\/li>\n<li>Niveau sonore essorage en dB(A) re 1 pW : 64<\/li>\n<\/ul>\n<h3 id=\"Exp-1-EAACAA\">Programmes<\/h3>\n<ul id=\"Child-1-EAACAA\">\n<li>Programmes sp\u00e9ciaux: Couleurs sombres, Chemises\/Chemisiers, Express 15 min, Microfibres, quotidien 60 min., Mix, Laine\/Lavage \u00e0 la main, D\u00e9licat\/Soie<\/li>\n<\/ul>\n<h3 id=\"Exp-1-EAIBAA\">Confort\/S\u00e9curit\u00e9<\/h3>\n<ul id=\"Child-1-EAIBAA\">\n<li>S\u00e9lecteur monocommande pour tous les programmes et programmes sp\u00e9ciaux<\/li>\n<li>Touches sensitives: Temp\u00e9rature, Essorage variable, Fin diff\u00e9r\u00e9e, Pr\u00e9lavage, Repassage facile, Rin\u00e7age plus<\/li>\n<li>Display pour affichage du temps restant, d\u00e9roulement du cycle et fin diff\u00e9r\u00e9e<\/li>\n<li>Tuyau aquaSecure<\/li>\n<li>D\u00e9tection mousse<\/li>\n<li>D\u00e9tection <a>antibalourd<\/a><\/li>\n<li>Isolation phonique : t\u00f4le de fond<\/li>\n<li>Isolation renforc\u00e9e<\/li>\n<li>Hublot 30 cm Blanc, ouverture \u00e0 115\u00b0<\/li>\n<\/ul>\n<h3 id=\"Exp-1-EAEAAA\">Caract\u00e9ristiques techniques<\/h3>\n<ul id=\"Child-1-EAEAAA\">\n<li>Porte r\u00e9versible<\/li>\n<li>Plinthe ajustable en hauteur: 15 cm<\/li>\n<li>Plinthe ajustable en profondeur: 6.5 cm<\/li>\n<li>Dimensions : H 81.8 x L 60 x P 57 cm<\/li>\n<li>Enti\u00e8rement int\u00e9grable<\/li>\n<\/ul>\n<a class=\"synved-social-button synved-social-button-share synved-social-size-32 synved-social-resolution-single synved-social-provider-facebook nolightbox\" data-provider=\"facebook\" target=\"_blank\" rel=\"nofollow\" title=\"Share on Facebook\" href=\"https:\/\/www.facebook.com\/sharer.php?u=https%3A%2F%2Fwww.devicemanuals.eu%2Ffr%2Fwp-json%2Fwp%2Fv2%2Fposts%2F768&#038;t=Lave-linge%20frontal%20Siemens%20WI14S420FF%20iQ700%20%E2%80%93%20Mode%20d%E2%80%99emploi&#038;s=100&#038;p&#091;url&#093;=https%3A%2F%2Fwww.devicemanuals.eu%2Ffr%2Fwp-json%2Fwp%2Fv2%2Fposts%2F768&#038;p&#091;images&#093;&#091;0&#093;=https%3A%2F%2Fwww.devicemanuals.eu%2Ffr%2Fwp-content%2Fuploads%2F2013%2F12%2FWI14S420FF.jpeg&#038;p&#091;title&#093;=Lave-linge%20frontal%20Siemens%20WI14S420FF%20iQ700%20%E2%80%93%20Mode%20d%E2%80%99emploi\" style=\"font-size: 0px;width:32px;height:32px;margin:0;margin-bottom:5px;margin-right:5px\"><img loading=\"lazy\" decoding=\"async\" alt=\"Facebook\" title=\"Share on Facebook\" class=\"synved-share-image synved-social-image synved-social-image-share\" width=\"32\" height=\"32\" style=\"display: inline;width:32px;height:32px;margin: 0;padding: 0;border: none;box-shadow: none\" src=\"https:\/\/www.devicemanuals.eu\/fr\/wp-content\/plugins\/social-media-feather\/synved-social\/image\/social\/regular\/64x64\/facebook.png\" \/><\/a><a class=\"synved-social-button synved-social-button-share synved-social-size-32 synved-social-resolution-single synved-social-provider-twitter nolightbox\" data-provider=\"twitter\" target=\"_blank\" rel=\"nofollow\" title=\"Share on Twitter\" href=\"https:\/\/twitter.com\/intent\/tweet?url=https%3A%2F%2Fwww.devicemanuals.eu%2Ffr%2Fwp-json%2Fwp%2Fv2%2Fposts%2F768&#038;text=Hey%20check%20this%20out\" style=\"font-size: 0px;width:32px;height:32px;margin:0;margin-bottom:5px;margin-right:5px\"><img loading=\"lazy\" decoding=\"async\" alt=\"twitter\" title=\"Share on Twitter\" class=\"synved-share-image synved-social-image synved-social-image-share\" width=\"32\" height=\"32\" style=\"display: inline;width:32px;height:32px;margin: 0;padding: 0;border: none;box-shadow: none\" src=\"https:\/\/www.devicemanuals.eu\/fr\/wp-content\/plugins\/social-media-feather\/synved-social\/image\/social\/regular\/64x64\/twitter.png\" \/><\/a><a class=\"synved-social-button synved-social-button-share synved-social-size-32 synved-social-resolution-single synved-social-provider-reddit nolightbox\" data-provider=\"reddit\" target=\"_blank\" rel=\"nofollow\" title=\"Share on Reddit\" href=\"https:\/\/www.reddit.com\/submit?url=https%3A%2F%2Fwww.devicemanuals.eu%2Ffr%2Fwp-json%2Fwp%2Fv2%2Fposts%2F768&#038;title=Lave-linge%20frontal%20Siemens%20WI14S420FF%20iQ700%20%E2%80%93%20Mode%20d%E2%80%99emploi\" style=\"font-size: 0px;width:32px;height:32px;margin:0;margin-bottom:5px;margin-right:5px\"><img loading=\"lazy\" decoding=\"async\" alt=\"reddit\" title=\"Share on Reddit\" class=\"synved-share-image synved-social-image synved-social-image-share\" width=\"32\" height=\"32\" style=\"display: inline;width:32px;height:32px;margin: 0;padding: 0;border: none;box-shadow: none\" src=\"https:\/\/www.devicemanuals.eu\/fr\/wp-content\/plugins\/social-media-feather\/synved-social\/image\/social\/regular\/64x64\/reddit.png\" \/><\/a><a class=\"synved-social-button synved-social-button-share synved-social-size-32 synved-social-resolution-single synved-social-provider-pinterest nolightbox\" data-provider=\"pinterest\" target=\"_blank\" rel=\"nofollow\" title=\"Pin it with Pinterest\" href=\"https:\/\/pinterest.com\/pin\/create\/button\/?url=https%3A%2F%2Fwww.devicemanuals.eu%2Ffr%2Fwp-json%2Fwp%2Fv2%2Fposts%2F768&#038;media=https%3A%2F%2Fwww.devicemanuals.eu%2Ffr%2Fwp-content%2Fuploads%2F2013%2F12%2FWI14S420FF.jpeg&#038;description=Lave-linge%20frontal%20Siemens%20WI14S420FF%20iQ700%20%E2%80%93%20Mode%20d%E2%80%99emploi\" style=\"font-size: 0px;width:32px;height:32px;margin:0;margin-bottom:5px;margin-right:5px\"><img loading=\"lazy\" decoding=\"async\" alt=\"pinterest\" title=\"Pin it with Pinterest\" class=\"synved-share-image synved-social-image synved-social-image-share\" width=\"32\" height=\"32\" style=\"display: inline;width:32px;height:32px;margin: 0;padding: 0;border: none;box-shadow: none\" src=\"https:\/\/www.devicemanuals.eu\/fr\/wp-content\/plugins\/social-media-feather\/synved-social\/image\/social\/regular\/64x64\/pinterest.png\" \/><\/a><a class=\"synved-social-button synved-social-button-share synved-social-size-32 synved-social-resolution-single synved-social-provider-linkedin nolightbox\" data-provider=\"linkedin\" target=\"_blank\" rel=\"nofollow\" title=\"Share on Linkedin\" href=\"https:\/\/www.linkedin.com\/shareArticle?mini=true&#038;url=https%3A%2F%2Fwww.devicemanuals.eu%2Ffr%2Fwp-json%2Fwp%2Fv2%2Fposts%2F768&#038;title=Lave-linge%20frontal%20Siemens%20WI14S420FF%20iQ700%20%E2%80%93%20Mode%20d%E2%80%99emploi\" style=\"font-size: 0px;width:32px;height:32px;margin:0;margin-bottom:5px;margin-right:5px\"><img loading=\"lazy\" decoding=\"async\" alt=\"linkedin\" title=\"Share on Linkedin\" class=\"synved-share-image synved-social-image synved-social-image-share\" width=\"32\" height=\"32\" style=\"display: inline;width:32px;height:32px;margin: 0;padding: 0;border: none;box-shadow: none\" src=\"https:\/\/www.devicemanuals.eu\/fr\/wp-content\/plugins\/social-media-feather\/synved-social\/image\/social\/regular\/64x64\/linkedin.png\" \/><\/a><a class=\"synved-social-button synved-social-button-share synved-social-size-32 synved-social-resolution-single synved-social-provider-mail nolightbox\" data-provider=\"mail\" rel=\"nofollow\" title=\"Share by email\" href=\"mailto:?subject=Lave-linge%20frontal%20Siemens%20WI14S420FF%20iQ700%20%E2%80%93%20Mode%20d%E2%80%99emploi&#038;body=Hey%20check%20this%20out:%20https%3A%2F%2Fwww.devicemanuals.eu%2Ffr%2Fwp-json%2Fwp%2Fv2%2Fposts%2F768\" style=\"font-size: 0px;width:32px;height:32px;margin:0;margin-bottom:5px\"><img loading=\"lazy\" decoding=\"async\" alt=\"mail\" title=\"Share by email\" class=\"synved-share-image synved-social-image synved-social-image-share\" width=\"32\" height=\"32\" style=\"display: inline;width:32px;height:32px;margin: 0;padding: 0;border: none;box-shadow: none\" src=\"https:\/\/www.devicemanuals.eu\/fr\/wp-content\/plugins\/social-media-feather\/synved-social\/image\/social\/regular\/64x64\/mail.png\" \/><\/a>","protected":false},"excerpt":{"rendered":"<p>Manuel de l\u2019utilisateur\u00a0 Lave-linge Siemens WI14S420FF &nbsp; T\u00e9l\u00e9charger le mode\u00a0d\u2019emploi\u00a0 Siemens WI14S420FF \u2013\u00a0gratuitement au format PDF: WI14S420FF-FR &nbsp; Caract\u00e9ristiques principales Classe \u00e9nerg\u00e9tique: A+ Capacit\u00e9 variable automatique : 1 \u00e0 7 kg Volume du tambour: 55 l Vitesse d&rsquo;essorage max.: 1400 tr\/min Humidit\u00e9 r\u00e9siduelle max.: 53 % Consommation d&rsquo;eau annuelle pond\u00e9r\u00e9e : 10560 litres Consommation d&rsquo;\u00e9nergie&hellip;&nbsp;<\/p>\n","protected":false},"author":1,"featured_media":769,"comment_status":"open","ping_status":"open","sticky":false,"template":"","format":"standard","meta":{"neve_meta_sidebar":"","neve_meta_container":"","neve_meta_enable_content_width":"","neve_meta_content_width":0,"neve_meta_title_alignment":"","neve_meta_author_avatar":"","neve_post_elements_order":"","neve_meta_disable_header":"","neve_meta_disable_footer":"","neve_meta_disable_title":"","footnotes":""},"categories":[63],"tags":[120,33,171],"class_list":["post-768","post","type-post","status-publish","format-standard","has-post-thumbnail","hentry","category-siemens","tag-iq-700","tag-lave-linge","tag-siemens"],"_links":{"self":[{"href":"https:\/\/www.devicemanuals.eu\/fr\/wp-json\/wp\/v2\/posts\/768","targetHints":{"allow":["GET"]}}],"collection":[{"href":"https:\/\/www.devicemanuals.eu\/fr\/wp-json\/wp\/v2\/posts"}],"about":[{"href":"https:\/\/www.devicemanuals.eu\/fr\/wp-json\/wp\/v2\/types\/post"}],"author":[{"embeddable":true,"href":"https:\/\/www.devicemanuals.eu\/fr\/wp-json\/wp\/v2\/users\/1"}],"replies":[{"embeddable":true,"href":"https:\/\/www.devicemanuals.eu\/fr\/wp-json\/wp\/v2\/comments?post=768"}],"version-history":[{"count":3,"href":"https:\/\/www.devicemanuals.eu\/fr\/wp-json\/wp\/v2\/posts\/768\/revisions"}],"predecessor-version":[{"id":773,"href":"https:\/\/www.devicemanuals.eu\/fr\/wp-json\/wp\/v2\/posts\/768\/revisions\/773"}],"wp:featuredmedia":[{"embeddable":true,"href":"https:\/\/www.devicemanuals.eu\/fr\/wp-json\/wp\/v2\/media\/769"}],"wp:attachment":[{"href":"https:\/\/www.devicemanuals.eu\/fr\/wp-json\/wp\/v2\/media?parent=768"}],"wp:term":[{"taxonomy":"category","embeddable":true,"href":"https:\/\/www.devicemanuals.eu\/fr\/wp-json\/wp\/v2\/categories?post=768"},{"taxonomy":"post_tag","embeddable":true,"href":"https:\/\/www.devicemanuals.eu\/fr\/wp-json\/wp\/v2\/tags?post=768"}],"curies":[{"name":"wp","href":"https:\/\/api.w.org\/{rel}","templated":true}]}}