{"id":965,"date":"2014-10-06T12:56:36","date_gmt":"2014-10-06T11:56:36","guid":{"rendered":"http:\/\/www.devicemanuals.eu\/fr\/?p=965"},"modified":"2014-10-06T12:56:36","modified_gmt":"2014-10-06T11:56:36","slug":"siemens-wm14k260ff-lave-linge-frontal-60-cm","status":"publish","type":"post","link":"https:\/\/www.devicemanuals.eu\/fr\/siemens-wm14k260ff-lave-linge-frontal-60-cm\/965\/","title":{"rendered":"Siemens WM14K260FF Lave-linge frontal 60 cm"},"content":{"rendered":"<figure id=\"attachment_966\" aria-describedby=\"caption-attachment-966\" style=\"width: 235px\" class=\"wp-caption alignnone\"><a href=\"http:\/\/www.devicemanuals.eu\/fr\/wp-content\/uploads\/2014\/10\/WM14K260FF.jpg\"><img loading=\"lazy\" decoding=\"async\" class=\"size-full wp-image-966\" src=\"http:\/\/www.devicemanuals.eu\/fr\/wp-content\/uploads\/2014\/10\/WM14K260FF.jpg\" alt=\"Lave-linge WM14K260FF\" width=\"235\" height=\"286\" \/><\/a><figcaption id=\"caption-attachment-966\" class=\"wp-caption-text\">Lave-linge WM14K260FF<\/figcaption><\/figure>\n<p>&nbsp;<\/p>\n<h3><strong>T\u00e9l\u00e9charger le mode d\u2019emploi<\/strong>\u00a0 Siemens WM14K260FF<br \/>\n\u2013\u00a0gratuitement au format PDF: <a href=\"http:\/\/www.devicemanuals.eu\/fr\/wp-content\/uploads\/2014\/10\/WM14K260FF.pdf\">WM14K260FF<\/a><\/h3>\n<p>&nbsp;<\/p>\n<div class=\"detail-item clearfix\">\n<div class=\"detail-desc\">\n<p>Groupe de produit: Lave linge<\/p>\n<\/div>\n<\/div>\n<div class=\"detail-item clearfix\">\n<div class=\"detail-desc\">\n<p>R\u00e9f\u00e9rence Commerciale: WM14K260FF<\/p>\n<\/div>\n<\/div>\n<div class=\"detail-item clearfix\">\n<div class=\"detail-desc\">\n<p>R\u00e9f\u00e9rence interne: WM14K260FF<\/p>\n<\/div>\n<\/div>\n<div class=\"detail-item clearfix\">\n<div class=\"detail-desc\">\n<p>Code EAN: 4\u00a0242\u00a0003\u00a0655\u00a0023<\/p>\n<\/div>\n<\/div>\n<div class=\"detail-item clearfix\">\n<div class=\"detail-desc\">\n<p>Pose-libre \/ Int\u00e9gr\u00e9: Pose-libre<\/p>\n<\/div>\n<\/div>\n<div class=\"detail-item clearfix\">\n<div class=\"detail-desc\">\n<p>Top amovible: non<\/p>\n<\/div>\n<\/div>\n<div class=\"detail-item clearfix\">\n<div class=\"detail-desc\">\n<p>Type de chargement<\/p>\n<\/div>\n<div class=\"detail-content\">\n<p>Facade: Couleur de panneau de commande<\/p>\n<\/div>\n<\/div>\n<div class=\"detail-item clearfix\">\n<div class=\"detail-content\">\n<p>Blanc: Couleur \/ mat\u00e9riau du corps<\/p>\n<\/div>\n<\/div>\n<div class=\"detail-item clearfix\">\n<div class=\"detail-content\">\n<p>Blanc<\/p>\n<\/div>\n<\/div>\n<div class=\"detail-item clearfix\">\n<div class=\"detail-desc\">\n<p>Intensit\u00e9 (A): 10 A<\/p>\n<\/div>\n<\/div>\n<div class=\"detail-item clearfix\">\n<div class=\"detail-desc\">\n<p>Fr\u00e9quence (Hz): 50 Hz<\/p>\n<\/div>\n<\/div>\n<div class=\"detail-item clearfix\">\n<div class=\"detail-desc\">\n<p>Certificats de conformit\u00e9<\/p>\n<\/div>\n<div class=\"detail-content\">\n<p>CE, VDE: Type de prise<\/p>\n<\/div>\n<\/div>\n<div class=\"detail-item clearfix\">\n<div class=\"detail-content\">\n<p>Fiche cont.terre\/Gard.fil ter.<\/p>\n<\/div>\n<\/div>\n<div class=\"detail-item clearfix\">\n<div class=\"detail-desc\">\n<p>Niveau sonore au lavage dB(A) re 1 pW: 56 dB (A)<\/p>\n<\/div>\n<\/div>\n<div class=\"detail-item clearfix\">\n<div class=\"detail-desc\">\n<p>Niveau sonore \u00e0 l&rsquo;essorage dB(A) re 1 pW: 75 dB (A)<\/p>\n<\/div>\n<\/div>\n<div class=\"detail-item clearfix\">\n<div class=\"detail-desc\">\n<p>Arret cuve pleine: Oui<\/p>\n<\/div>\n<\/div>\n<div class=\"detail-item clearfix\">\n<div class=\"detail-desc\">\n<p>Mat\u00e9riau de la cuve: Plastique<\/p>\n<\/div>\n<\/div>\n<div class=\"detail-item clearfix\">\n<div class=\"detail-desc\">\n<p>Volume du tambour: 63 l<\/p>\n<\/div>\n<\/div>\n<div class=\"detail-item clearfix\">\n<div class=\"detail-desc\">\n<p>Mat\u00e9riau du tambour: Inox<\/p>\n<\/div>\n<\/div>\n<div class=\"detail-item clearfix\">\n<div class=\"detail-desc\">\n<p>Ajout de produit lessiviel: A l&rsquo;avant, autonettoyant<\/p>\n<\/div>\n<\/div>\n<div class=\"detail-item clearfix\">\n<div class=\"detail-desc\">\n<p>Pes\u00e9e automatique: Oui<\/p>\n<\/div>\n<\/div>\n<div class=\"detail-item clearfix\">\n<div class=\"detail-desc\">\n<p>Vitesse d&rsquo;essorage maximum (rpm) &#8211; nouveau (2010\/30\/EC): 1\u00a0343 rpm<\/p>\n<\/div>\n<\/div>\n<h3>Equipement<\/h3>\n<div class=\"detail-item clearfix\">\n<div class=\"detail-desc\">\n<p>Charni\u00e8res de porte: A gauche<\/p>\n<\/div>\n<\/div>\n<div class=\"detail-item clearfix\">\n<div class=\"detail-desc\">\n<p>Roulettes: non<\/p>\n<\/div>\n<\/div>\n<div class=\"detail-item clearfix\">\n<div class=\"detail-desc\">\n<p>Variateur de vitesse d&rsquo;essorage<\/p>\n<\/div>\n<div class=\"detail-content\">\n<p>Variable: Optimisation du lavage<\/p>\n<\/div>\n<\/div>\n<div class=\"detail-item clearfix\">\n<div class=\"detail-content\">\n<p>Allergie+\/Hygiene, Chemises\/Chemisiers, D\u00e9marrage diff\u00e9r\u00e9, D\u00e9part\/Pause, EcoPerfect, outdoor, rapide\/mix, Repassage facile, S\u00e9lection de la temp\u00e9rature, simple rin\u00e7age, SpeedPerfect, Sport\/Fitness, Super 15 min \/ Super 30 min, vidange \/ essorer, Vitesse d&rsquo;essorage au choix<\/p>\n<\/div>\n<\/div>\n<div class=\"detail-item clearfix\">\n<div class=\"detail-desc\">\n<p>D\u00e9tection de mousse: Oui<\/p>\n<\/div>\n<\/div>\n<div class=\"detail-item clearfix\">\n<div class=\"detail-desc\">\n<p>Syst\u00e8me anti-balourd: Oui<\/p>\n<\/div>\n<\/div>\n<div class=\"detail-item clearfix\">\n<div class=\"detail-desc\">\n<p>S\u00e9curit\u00e9 hydraulique: Anti-d\u00e9bordement<\/p>\n<\/div>\n<\/div>\n<div class=\"detail-item clearfix\">\n<div class=\"detail-desc\">\n<p>Option de lavage \u00e0 froid: Oui<\/p>\n<\/div>\n<\/div>\n<div class=\"detail-item clearfix\">\n<div class=\"detail-desc\">\n<p>Indicateur de d\u00e9roulement: Display LED<\/p>\n<\/div>\n<\/div>\n<div class=\"detail-item clearfix\">\n<div class=\"detail-desc\">\n<p>Afficheur digital de temps restant: Oui<\/p>\n<\/div>\n<\/div>\n<div class=\"detail-item clearfix\">\n<div class=\"detail-desc\">\n<p>Options de d\u00e9part diff\u00e9r\u00e9: continu<\/p>\n<\/div>\n<\/div>\n<div class=\"detail-item clearfix\">\n<div class=\"detail-desc\">\n<p>Pr\u00e9lavage: Disponible<\/p>\n<\/div>\n<\/div>\n<div class=\"detail-item clearfix\">\n<div class=\"detail-desc\">\n<p>Rin\u00e7age plus: non<\/p>\n<\/div>\n<\/div>\n<div class=\"detail-item clearfix\">\n<div class=\"detail-desc\">\n<p>Sonde \u00e0 chargement: non<\/p>\n<\/div>\n<\/div>\n<div class=\"detail-item clearfix\">\n<div class=\"detail-desc\">\n<p>Porte: Oui<\/p>\n<\/div>\n<\/div>\n<div class=\"detail-item clearfix\">\n<div class=\"detail-desc\">\n<p>Capteur de rin\u00e7age: non<\/p>\n<\/div>\n<\/div>\n<div class=\"detail-item clearfix\">\n<div class=\"detail-desc\">\n<p>S\u00e9lection de la temp\u00e9rature: Programmateur<\/p>\n<\/div>\n<\/div>\n<h3>Dimensions<\/h3>\n<div class=\"detail-item clearfix\">\n<div class=\"detail-desc\">\n<p>Longueur du cordon \u00e9lectrique (cm): 160,0 cm<\/p>\n<\/div>\n<\/div>\n<div class=\"detail-item clearfix\">\n<div class=\"detail-desc\">\n<p>Hauteur appareil (mm): 848 mm<\/p>\n<\/div>\n<\/div>\n<div class=\"detail-item clearfix\">\n<div class=\"detail-desc\">\n<p>Dimensions du produit: 848 x 598 x 590 mm<\/p>\n<\/div>\n<\/div>\n<div class=\"detail-item clearfix\">\n<div class=\"detail-desc\">\n<p>Poids net (kg): 73,000 kg<\/p>\n<\/div>\n<\/div>\n<div class=\"detail-item clearfix\">\n<div class=\"detail-desc\">\n<p>Poids brut (kg): 75,000 kg<\/p>\n<\/div>\n<\/div>\n<div class=\"detail-item clearfix\">\n<div class=\"detail-desc\">\n<p>Hauteur sans top: 850,00 mm:<\/p>\n<p>Hauteur r\u00e9glable sur: 1,00 cm<\/p>\n<\/div>\n<\/div>\n<div class=\"detail-item clearfix\">\n<div class=\"detail-desc\">\n<p>Profondeur lorsque porte ouverte (90\u00b0): 104,60 cm<\/p>\n<\/div>\n<\/div>\n<div class=\"detail-item clearfix\">\n<div class=\"detail-desc\">\n<p>Profondeur appareil, \u00e9cart au mur inclus: 59 cm<\/p>\n<\/div>\n<\/div>\n<div class=\"detail-item clearfix\">\n<div class=\"detail-desc\">\n<p>Largeur appareil (mm): 598 mm<\/p>\n<\/div>\n<\/div>\n<h3>Programmes<\/h3>\n<div class=\"detail-item clearfix\">\n<div class=\"detail-desc\">\n<p>Affichage fin de programme<\/p>\n<\/div>\n<div class=\"detail-content\">\n<p>Acoustique, Display LED<\/p>\n<\/div>\n<\/div>\n<div class=\"detail-item clearfix\">\n<div class=\"detail-desc\">\n<p>Programme de test pour SAV: Oui<\/p>\n<\/div>\n<\/div>\n<div class=\"detail-item clearfix\">\n<div class=\"detail-desc\">\n<p>Programme Blanc\/Couleurs<\/p>\n<\/div>\n<div class=\"detail-content\">\n<p>Pr\u00e9lavage, Standard froid &#8211; 90\u00b0C<\/p>\n<\/div>\n<\/div>\n<div class=\"detail-item clearfix\">\n<div class=\"detail-desc\">\n<p>Programme Synth\u00e9tiques<\/p>\n<\/div>\n<div class=\"detail-content\">\n<p>pr\u00e9lavage, Standard froid &#8211; 60\u00b0C, Synth\u00e9tiques plus<\/p>\n<\/div>\n<\/div>\n<h3>Consommation<\/h3>\n<div class=\"detail-item clearfix\">\n<div class=\"detail-desc\">\n<p>Puissance de raccordement (W): 2300 W<\/p>\n<\/div>\n<\/div>\n<div class=\"detail-item clearfix\">\n<div class=\"detail-desc\">\n<p>Tension (V): 220-240 V<\/p>\n<\/div>\n<\/div>\n<div class=\"detail-item clearfix\">\n<div class=\"detail-desc\">\n<p>Classe \u00e9nerg\u00e9tique &#8211; NOUVEAU (2010\/30\/EC): A+++<\/p>\n<\/div>\n<\/div>\n<div class=\"detail-item clearfix\">\n<div class=\"detail-desc\">\n<p>Classe d&rsquo;efficacit\u00e9 de lavage &#8211; nouveau (2010\/30\/EC): A<\/p>\n<\/div>\n<\/div>\n<div class=\"detail-item clearfix\">\n<div class=\"detail-desc\">\n<p>Classe d&rsquo;efficacit\u00e9 d&rsquo;essorage: B<\/p>\n<\/div>\n<\/div>\n<div class=\"detail-item clearfix\">\n<div class=\"detail-desc\">\n<p>Consommation d&rsquo;eau annuelle (l\/an) &#8211; nouveau (2010\/30\/EC): 11\u00a0220 l\/annum<\/p>\n<\/div>\n<\/div>\n<div class=\"detail-item clearfix\">\n<div class=\"detail-desc\">\n<p>Consommation d&rsquo;\u00e9nergie annuelle (kWh\/an) &#8211; nouveau (2010\/30\/EC): 196 kWh \/ an<\/p>\n<\/div>\n<\/div>\n<div class=\"detail-item clearfix\">\n<div class=\"detail-desc\">\n<p>Lavage rapide: Oui<\/p>\n<\/div>\n<\/div>\n<div class=\"detail-item clearfix\">\n<div class=\"detail-desc\">\n<p>Alimentation eau chaude et eau froide: non<\/p>\n<\/div>\n<\/div>\n<div class=\"detail-item clearfix\">\n<div class=\"detail-desc\">\n<p>Capacit\u00e9 de chargement (kg) &#8211; NOUVEAU (2010\/30\/EC): 8,0 kg<\/p>\n<\/div>\n<\/div>\n<p>&nbsp;<\/p>\n<a class=\"synved-social-button synved-social-button-share synved-social-size-32 synved-social-resolution-single synved-social-provider-facebook nolightbox\" data-provider=\"facebook\" target=\"_blank\" rel=\"nofollow\" title=\"Share on Facebook\" href=\"https:\/\/www.facebook.com\/sharer.php?u=https%3A%2F%2Fwww.devicemanuals.eu%2Ffr%2Fwp-json%2Fwp%2Fv2%2Fposts%2F965&#038;t=Siemens%20WM14K260FF%20Lave-linge%20frontal%2060%20cm&#038;s=100&#038;p&#091;url&#093;=https%3A%2F%2Fwww.devicemanuals.eu%2Ffr%2Fwp-json%2Fwp%2Fv2%2Fposts%2F965&#038;p&#091;images&#093;&#091;0&#093;=https%3A%2F%2Fwww.devicemanuals.eu%2Ffr%2Fwp-content%2Fuploads%2F2014%2F10%2FWM14K260FF.jpg&#038;p&#091;title&#093;=Siemens%20WM14K260FF%20Lave-linge%20frontal%2060%20cm\" style=\"font-size: 0px;width:32px;height:32px;margin:0;margin-bottom:5px;margin-right:5px\"><img loading=\"lazy\" decoding=\"async\" alt=\"Facebook\" title=\"Share on Facebook\" class=\"synved-share-image synved-social-image synved-social-image-share\" width=\"32\" height=\"32\" style=\"display: inline;width:32px;height:32px;margin: 0;padding: 0;border: none;box-shadow: none\" src=\"https:\/\/www.devicemanuals.eu\/fr\/wp-content\/plugins\/social-media-feather\/synved-social\/image\/social\/regular\/64x64\/facebook.png\" \/><\/a><a class=\"synved-social-button synved-social-button-share synved-social-size-32 synved-social-resolution-single synved-social-provider-twitter nolightbox\" data-provider=\"twitter\" target=\"_blank\" rel=\"nofollow\" title=\"Share on Twitter\" href=\"https:\/\/twitter.com\/intent\/tweet?url=https%3A%2F%2Fwww.devicemanuals.eu%2Ffr%2Fwp-json%2Fwp%2Fv2%2Fposts%2F965&#038;text=Hey%20check%20this%20out\" style=\"font-size: 0px;width:32px;height:32px;margin:0;margin-bottom:5px;margin-right:5px\"><img loading=\"lazy\" decoding=\"async\" alt=\"twitter\" title=\"Share on Twitter\" class=\"synved-share-image synved-social-image synved-social-image-share\" width=\"32\" height=\"32\" style=\"display: inline;width:32px;height:32px;margin: 0;padding: 0;border: none;box-shadow: none\" src=\"https:\/\/www.devicemanuals.eu\/fr\/wp-content\/plugins\/social-media-feather\/synved-social\/image\/social\/regular\/64x64\/twitter.png\" \/><\/a><a class=\"synved-social-button synved-social-button-share synved-social-size-32 synved-social-resolution-single synved-social-provider-reddit nolightbox\" data-provider=\"reddit\" target=\"_blank\" rel=\"nofollow\" title=\"Share on Reddit\" href=\"https:\/\/www.reddit.com\/submit?url=https%3A%2F%2Fwww.devicemanuals.eu%2Ffr%2Fwp-json%2Fwp%2Fv2%2Fposts%2F965&#038;title=Siemens%20WM14K260FF%20Lave-linge%20frontal%2060%20cm\" style=\"font-size: 0px;width:32px;height:32px;margin:0;margin-bottom:5px;margin-right:5px\"><img loading=\"lazy\" decoding=\"async\" alt=\"reddit\" title=\"Share on Reddit\" class=\"synved-share-image synved-social-image synved-social-image-share\" width=\"32\" height=\"32\" style=\"display: inline;width:32px;height:32px;margin: 0;padding: 0;border: none;box-shadow: none\" src=\"https:\/\/www.devicemanuals.eu\/fr\/wp-content\/plugins\/social-media-feather\/synved-social\/image\/social\/regular\/64x64\/reddit.png\" \/><\/a><a class=\"synved-social-button synved-social-button-share synved-social-size-32 synved-social-resolution-single synved-social-provider-pinterest nolightbox\" data-provider=\"pinterest\" target=\"_blank\" rel=\"nofollow\" title=\"Pin it with Pinterest\" href=\"https:\/\/pinterest.com\/pin\/create\/button\/?url=https%3A%2F%2Fwww.devicemanuals.eu%2Ffr%2Fwp-json%2Fwp%2Fv2%2Fposts%2F965&#038;media=https%3A%2F%2Fwww.devicemanuals.eu%2Ffr%2Fwp-content%2Fuploads%2F2014%2F10%2FWM14K260FF.jpg&#038;description=Siemens%20WM14K260FF%20Lave-linge%20frontal%2060%20cm\" style=\"font-size: 0px;width:32px;height:32px;margin:0;margin-bottom:5px;margin-right:5px\"><img loading=\"lazy\" decoding=\"async\" alt=\"pinterest\" title=\"Pin it with Pinterest\" class=\"synved-share-image synved-social-image synved-social-image-share\" width=\"32\" height=\"32\" style=\"display: inline;width:32px;height:32px;margin: 0;padding: 0;border: none;box-shadow: none\" src=\"https:\/\/www.devicemanuals.eu\/fr\/wp-content\/plugins\/social-media-feather\/synved-social\/image\/social\/regular\/64x64\/pinterest.png\" \/><\/a><a class=\"synved-social-button synved-social-button-share synved-social-size-32 synved-social-resolution-single synved-social-provider-linkedin nolightbox\" data-provider=\"linkedin\" target=\"_blank\" rel=\"nofollow\" title=\"Share on Linkedin\" href=\"https:\/\/www.linkedin.com\/shareArticle?mini=true&#038;url=https%3A%2F%2Fwww.devicemanuals.eu%2Ffr%2Fwp-json%2Fwp%2Fv2%2Fposts%2F965&#038;title=Siemens%20WM14K260FF%20Lave-linge%20frontal%2060%20cm\" style=\"font-size: 0px;width:32px;height:32px;margin:0;margin-bottom:5px;margin-right:5px\"><img loading=\"lazy\" decoding=\"async\" alt=\"linkedin\" title=\"Share on Linkedin\" class=\"synved-share-image synved-social-image synved-social-image-share\" width=\"32\" height=\"32\" style=\"display: inline;width:32px;height:32px;margin: 0;padding: 0;border: none;box-shadow: none\" src=\"https:\/\/www.devicemanuals.eu\/fr\/wp-content\/plugins\/social-media-feather\/synved-social\/image\/social\/regular\/64x64\/linkedin.png\" \/><\/a><a class=\"synved-social-button synved-social-button-share synved-social-size-32 synved-social-resolution-single synved-social-provider-mail nolightbox\" data-provider=\"mail\" rel=\"nofollow\" title=\"Share by email\" href=\"mailto:?subject=Siemens%20WM14K260FF%20Lave-linge%20frontal%2060%20cm&#038;body=Hey%20check%20this%20out:%20https%3A%2F%2Fwww.devicemanuals.eu%2Ffr%2Fwp-json%2Fwp%2Fv2%2Fposts%2F965\" style=\"font-size: 0px;width:32px;height:32px;margin:0;margin-bottom:5px\"><img loading=\"lazy\" decoding=\"async\" alt=\"mail\" title=\"Share by email\" class=\"synved-share-image synved-social-image synved-social-image-share\" width=\"32\" height=\"32\" style=\"display: inline;width:32px;height:32px;margin: 0;padding: 0;border: none;box-shadow: none\" src=\"https:\/\/www.devicemanuals.eu\/fr\/wp-content\/plugins\/social-media-feather\/synved-social\/image\/social\/regular\/64x64\/mail.png\" \/><\/a>","protected":false},"excerpt":{"rendered":"<p>&nbsp; T\u00e9l\u00e9charger le mode d\u2019emploi\u00a0 Siemens WM14K260FF \u2013\u00a0gratuitement au format PDF: WM14K260FF &nbsp; Groupe de produit: Lave linge R\u00e9f\u00e9rence Commerciale: WM14K260FF R\u00e9f\u00e9rence interne: WM14K260FF Code EAN: 4\u00a0242\u00a0003\u00a0655\u00a0023 Pose-libre \/ Int\u00e9gr\u00e9: Pose-libre Top amovible: non Type de chargement Facade: Couleur de panneau de commande Blanc: Couleur \/ mat\u00e9riau du corps Blanc Intensit\u00e9 (A): 10 A Fr\u00e9quence&hellip;&nbsp;<\/p>\n","protected":false},"author":1,"featured_media":966,"comment_status":"open","ping_status":"open","sticky":false,"template":"","format":"standard","meta":{"neve_meta_sidebar":"","neve_meta_container":"","neve_meta_enable_content_width":"","neve_meta_content_width":0,"neve_meta_title_alignment":"","neve_meta_author_avatar":"","neve_post_elements_order":"","neve_meta_disable_header":"","neve_meta_disable_footer":"","neve_meta_disable_title":"","footnotes":""},"categories":[63],"tags":[33,171,34],"class_list":["post-965","post","type-post","status-publish","format-standard","has-post-thumbnail","hentry","category-siemens","tag-lave-linge","tag-siemens","tag-varioperfect"],"_links":{"self":[{"href":"https:\/\/www.devicemanuals.eu\/fr\/wp-json\/wp\/v2\/posts\/965","targetHints":{"allow":["GET"]}}],"collection":[{"href":"https:\/\/www.devicemanuals.eu\/fr\/wp-json\/wp\/v2\/posts"}],"about":[{"href":"https:\/\/www.devicemanuals.eu\/fr\/wp-json\/wp\/v2\/types\/post"}],"author":[{"embeddable":true,"href":"https:\/\/www.devicemanuals.eu\/fr\/wp-json\/wp\/v2\/users\/1"}],"replies":[{"embeddable":true,"href":"https:\/\/www.devicemanuals.eu\/fr\/wp-json\/wp\/v2\/comments?post=965"}],"version-history":[{"count":1,"href":"https:\/\/www.devicemanuals.eu\/fr\/wp-json\/wp\/v2\/posts\/965\/revisions"}],"predecessor-version":[{"id":968,"href":"https:\/\/www.devicemanuals.eu\/fr\/wp-json\/wp\/v2\/posts\/965\/revisions\/968"}],"wp:featuredmedia":[{"embeddable":true,"href":"https:\/\/www.devicemanuals.eu\/fr\/wp-json\/wp\/v2\/media\/966"}],"wp:attachment":[{"href":"https:\/\/www.devicemanuals.eu\/fr\/wp-json\/wp\/v2\/media?parent=965"}],"wp:term":[{"taxonomy":"category","embeddable":true,"href":"https:\/\/www.devicemanuals.eu\/fr\/wp-json\/wp\/v2\/categories?post=965"},{"taxonomy":"post_tag","embeddable":true,"href":"https:\/\/www.devicemanuals.eu\/fr\/wp-json\/wp\/v2\/tags?post=965"}],"curies":[{"name":"wp","href":"https:\/\/api.w.org\/{rel}","templated":true}]}}